{"id":10059,"date":"2018-09-06T14:54:56","date_gmt":"2018-09-06T14:54:56","guid":{"rendered":"http:\/\/sintema.org.br\/sintema\/?p=10059"},"modified":"2018-09-06T14:54:56","modified_gmt":"2018-09-06T14:54:56","slug":"setembro-amarelo-por-que-e-importante-debater-um-tema-tao-penoso-como-o-suicidio","status":"publish","type":"post","link":"http:\/\/sintema.org.br\/sintema\/setembro-amarelo-por-que-e-importante-debater-um-tema-tao-penoso-como-o-suicidio\/","title":{"rendered":"Setembro Amarelo: por que \u00e9 importante debater um tema t\u00e3o penoso como o suic\u00eddio?"},"content":{"rendered":"<p><a href=\"http:\/\/sintema.org.br\/sintema\/wp-content\/uploads\/2018\/09\/setembro-amarelo-ctb.jpg\"><img loading=\"lazy\" class=\"alignnone  wp-image-10060\" src=\"http:\/\/sintema.org.br\/sintema\/wp-content\/uploads\/2018\/09\/setembro-amarelo-ctb.jpg\" alt=\"\" width=\"450\" height=\"222\"><\/a><\/p>\n<p>Suic\u00eddio permanece como um tabu na maioria das sociedades no mundo, mas vem crescendo assustadoramente entre a juventude. De acordo com a Organiza\u00e7\u00e3o Mundial de Sa\u00fade (OMS), uma pessoa tira a pr\u00f3pria vida a cada 40 segundos, com cerca de 800 mil suicidas anuais no planeta.<\/p>\n<p>Por isso, a OMS transformou o 10 de setembro no Dia Mundial de Preven\u00e7\u00e3o ao Suic\u00eddio, em 2003, para chamar a aten\u00e7\u00e3o ao tema. Em 2014, a Associa\u00e7\u00e3o Brasileira de Psiquiatria (ABP), o Centro de Valoriza\u00e7\u00e3o da Vida e o Conselho Federal de Medicina, trouxeram ao pa\u00eds a campanha Setembro Amarelo.<\/p>\n<p>\u201cO principal objetivo do Setembro Amarelo \u00e9 a conscientiza\u00e7\u00e3o sobre a preven\u00e7\u00e3o do suic\u00eddio, buscando alertar a popula\u00e7\u00e3o a respeito da realidade da pr\u00e1tica no Brasil e em todo o mundo\u201d, diz texto sobre a campanha.<\/p>\n<p><img src=\"http:\/\/portalctb.org.br\/site\/images\/stores\/2017-2\/suicidio-pexels.jpeg\" alt=\"suicidio pexels\"><\/p>\n<p>Os estudiosos defendem o di\u00e1logo como forma de enfrentar o suic\u00eddio. Mas &#8220;n\u00e3o podemos falar de forma errada. N\u00e3o podemos glamourizar, nem ensinar t\u00e9cnicas&#8221;, diz o psiquiatra Ant\u00f4nio Geraldo da Silva, presidente da Associa\u00e7\u00e3o Psiqui\u00e1trica da Am\u00e9rica Latina.<\/p>\n<p>Para V\u00e2nia Marques Pinto, secret\u00e1ria de Pol\u00edticas Sociais da CTB, \u201ca vida corrida que levamos hoje em dia, sem tempo para parar um pouquinho e refletir sobre os acontecimentos pode causar sofrimento al\u00e9m do que as pessoas imaginam poderem suportar&#8221;&nbsp; e dessa forma &#8220;n\u00e3o enxergarem solu\u00e7\u00e3o para as coisas, tomando atitude dr\u00e1stica\u201d.<\/p>\n<p>Como afirma a psic\u00f3loga, Karina Fukumitsu o suic\u00eddio \u201ccostuma ser cometido por algu\u00e9m que est\u00e1 definhando existencialmente, que deixou de acreditar em sua pr\u00f3pria capacidade de transformas a sua dor em amor\u201d.<\/p>\n<p>Dados do Minist\u00e9rio da Sa\u00fade mostram que o suic\u00eddio aumentou 73% no Brasil entre 2000 e 2016, passando de 6.780 para 11.736. E como diagnostica a OMS, essa j\u00e1 \u00e9 a segunda causa de morte entre jovens de 15 a 29 anos.<\/p>\n<p>A depress\u00e3o, transtornos mentais, envolvimento com drogas, viol\u00eancia dom\u00e9stica, abuso sexual, bullying e intoler\u00e2ncia s\u00e3o as principais causas do suic\u00eddio, segundo os psiquiatras. \u201dAtualmente tudo \u00e9 visto como individual pelos setores hegem\u00f4nicos da sociedade, ent\u00e3o a press\u00e3o sobre as pessoas \u00e9 enorme, essencialmente aos mais jovens\u2019, acentua V\u00e2nia.<\/p>\n<p>Para o psiquiatra Elton Kanomata a passagem da inf\u00e2ncia ao mundo adulto est\u00e1 cada vez mais comprimida e dificultada por uma sociedade voltada para o eu e isso pode causar muito sofrimento aos adolescentes, porque nessa fase da vida tudo \u00e9 muito intenso.<\/p>\n<p><strong>Assista&nbsp;<em>Suic\u00eddio &#8211; mitos, como identificar e ajudar<\/em><\/strong>&nbsp;<\/p>\n<p><iframe loading=\"lazy\" src=\"https:\/\/www.youtube.com\/embed\/2H9DXBLNObk?rel=0&amp;showinfo=0\" width=\"560\" height=\"315\" frameborder=\"0\" allowfullscreen=\"allowfullscreen\" data-mce-fragment=\"1\"><\/iframe><\/p>\n<p>\u201cToda a parte mental deles est\u00e1 em desenvolvimento. A quest\u00e3o da resili\u00eancia e da capacidade de lidar com as frustra\u00e7\u00f5es podem n\u00e3o estar prontas\u201d. J\u00e1 o seu colega de psiquiatria, Ant\u00f4nio Geraldo da Silva alega que a sociedade est\u00e1 \u201cexpondo esses c\u00e9rebros em forma\u00e7\u00e3o a v\u00e1rios tipos de estressores\u201d e isso \u201cleva \u00e0 predisposi\u00e7\u00e3o do aparecimento de doen\u00e7as mentais, como a depress\u00e3o\u201d.<\/p>\n<p>J\u00e1 o psicanalista M\u00e1rio Corso defende que n\u00e3o se deve romantizar o ato de suicidar-se e n\u00e3o tratar o suicida como her\u00f3i. \u201cViver \u00e9 que \u00e9 dif\u00edcil. Hero\u00edsmo \u00e9 sobreviver, \u00e9 ficar no mundo e ajudar os outros\u201d, diz.<\/p>\n<p>Por isso, \u201co Setembro Amarelo ganha mais espa\u00e7os nas entidades envolvidas com o desenvolvimento da vida e do mundo do trabalho\u201d, refor\u00e7a V\u00e2nia. Porque, \u201co enfrentamento ao tema deve envolver toda a sociedade, principalmente o movimento sindical que est\u00e1 mais pr\u00f3ximo das pessoas que mais necessitam de aten\u00e7\u00e3o e enfrentam as maiores dificuldades na vida\u201d.<\/p>\n<p><strong>Felicidade, de Marcelo Jeneci<\/strong>&nbsp;<\/p>\n<p><iframe loading=\"lazy\" src=\"https:\/\/www.youtube.com\/embed\/s2IAZHAsoLI?rel=0&amp;showinfo=0\" width=\"560\" height=\"315\" frameborder=\"0\" allowfullscreen=\"allowfullscreen\" data-mce-fragment=\"1\"><\/iframe><\/p>\n<p>Como diz Marcelo Jeneci na sua can\u00e7\u00e3o&nbsp;<em>Felicidade<\/em>: \u201cTem vez que as coisas pesam mais do que a gente acha que pode ag\u00fcentar\u201d, mas \u201cnessa hora fique firme, pois tudo isso logo vai passar\u201d e a\u00ed \u201cvoc\u00ea vai rir, sem perceber\u201d, porque \u201cfelicidade \u00e9 s\u00f3 quest\u00e3o de ser\u201d. Seja feliz, viva e deixe viver.<\/p>\n<p><strong>Marcos Aur\u00e9lio Ruy \u2013 Portal CTB<\/strong><\/p>\n","protected":false},"excerpt":{"rendered":"<p>Suic\u00eddio permanece como um tabu na maioria das sociedades no mundo, mas vem crescendo assustadoramente entre a juventude. De acordo com a Organiza\u00e7\u00e3o Mundial de Sa\u00fade (OMS), uma pessoa tira a pr\u00f3pria vida a cada 40 segundos, com cerca de 800 mil suicidas anuais no planeta. Por isso, a OMS transformou o 10 de setembro [&hellip;]<\/p>\n","protected":false},"author":2,"featured_media":0,"comment_status":"open","ping_status":"open","sticky":false,"template":"","format":"standard","meta":[],"categories":[5,18],"tags":[],"_links":{"self":[{"href":"http:\/\/sintema.org.br\/sintema\/wp-json\/wp\/v2\/posts\/10059"}],"collection":[{"href":"http:\/\/sintema.org.br\/sintema\/wp-json\/wp\/v2\/posts"}],"about":[{"href":"http:\/\/sintema.org.br\/sintema\/wp-json\/wp\/v2\/types\/post"}],"author":[{"embeddable":true,"href":"http:\/\/sintema.org.br\/sintema\/wp-json\/wp\/v2\/users\/2"}],"replies":[{"embeddable":true,"href":"http:\/\/sintema.org.br\/sintema\/wp-json\/wp\/v2\/comments?post=10059"}],"version-history":[{"count":1,"href":"http:\/\/sintema.org.br\/sintema\/wp-json\/wp\/v2\/posts\/10059\/revisions"}],"predecessor-version":[{"id":10061,"href":"http:\/\/sintema.org.br\/sintema\/wp-json\/wp\/v2\/posts\/10059\/revisions\/10061"}],"wp:attachment":[{"href":"http:\/\/sintema.org.br\/sintema\/wp-json\/wp\/v2\/media?parent=10059"}],"wp:term":[{"taxonomy":"category","embeddable":true,"href":"http:\/\/sintema.org.br\/sintema\/wp-json\/wp\/v2\/categories?post=10059"},{"taxonomy":"post_tag","embeddable":true,"href":"http:\/\/sintema.org.br\/sintema\/wp-json\/wp\/v2\/tags?post=10059"}],"curies":[{"name":"wp","href":"https:\/\/api.w.org\/{rel}","templated":true}]}}