{"id":10176,"date":"2018-11-15T13:28:05","date_gmt":"2018-11-15T13:28:05","guid":{"rendered":"http:\/\/sintema.org.br\/sintema\/?p=10176"},"modified":"2018-11-15T13:35:33","modified_gmt":"2018-11-15T13:35:33","slug":"consintema-sindicato-publica-edital-de-convocacao-do-vi-consintema-em-jornais","status":"publish","type":"post","link":"http:\/\/sintema.org.br\/sintema\/consintema-sindicato-publica-edital-de-convocacao-do-vi-consintema-em-jornais\/","title":{"rendered":"CONSINTEMA | Sindicato publica Edital de Convoca\u00e7\u00e3o do VI Consintema em jornais"},"content":{"rendered":"<p>&nbsp;<\/p>\n<p><a href=\"http:\/\/sintema.org.br\/sintema\/wp-content\/uploads\/2018\/11\/Fotor_154228443631680.jpg\"><img loading=\"lazy\" class=\"alignnone wp-image-10178 size-large\" src=\"http:\/\/sintema.org.br\/sintema\/wp-content\/uploads\/2018\/11\/Fotor_154228443631680-1024x1010.jpg\" alt=\"\" width=\"640\" height=\"631\"><\/a><\/p>\n<p>&nbsp;<\/p>\n<p>A Diretoria do Sintema gest\u00e3o \u201cSindicato \u00e9 pra Lutar\u201d, publicou, nos dias 4 e 8 de novembro de 2018, no jornal O Imparcial e no Di\u00e1rio Oficial do Estado, o Edital de Convoca\u00e7\u00e3o do VI Consintema, cumprindo o que determina o artigo 11 do Estatuto do sindicato, e Portaria do Minist\u00e9rio do Trabalho e Emprego N\u00b0. 326 de 1\u00b0 de mar\u00e7o de 2013, em seu Artigo 3\u00b0, Inciso II. Com a divulga\u00e7\u00e3o, a categoria est\u00e1 oficialmente convocada para participar do evento, que acontece nos dias 10 e 11 de janeiro de 2019.<\/p>\n<p><a href=\"http:\/\/sintema.org.br\/sintema\/wp-content\/uploads\/2018\/11\/Fotor_154228448918729.jpg\"><img loading=\"lazy\" class=\"alignnone wp-image-10179 size-large\" src=\"http:\/\/sintema.org.br\/sintema\/wp-content\/uploads\/2018\/11\/Fotor_154228448918729-835x1024.jpg\" alt=\"\" width=\"640\" height=\"785\"><\/a><\/p>\n<p>O sindicato montou duas comiss\u00f5es que trabalham para organiza\u00e7\u00e3o do evento. Os presidentes das comiss\u00f5es internas, Sandra Gon\u00e7alves (organiza\u00e7\u00e3o do congresso) e Domingos Ferreira (altera\u00e7\u00e3o estatut\u00e1ria), explicam que a fun\u00e7\u00e3o das comiss\u00f5es \u00e9 organizar a base do congresso. \u201cEstamos construindo a estrutura base do congresso, e a partir do lan\u00e7amento do edital, o sindicato convidar\u00e1 todas as correntes pol\u00edticas e trabalhadores independentes para a composi\u00e7\u00e3o e defini\u00e7\u00e3o do evento\u201d, explicou Domingos Ferreira.<\/p>\n<p>&nbsp;<\/p>\n<p>O Sintema, que j\u00e1 divulga o VI Consintema nos canais de comunica\u00e7\u00e3o do sindicato (site e redes sociais), e anunciou a realiza\u00e7\u00e3o do evento na \u00faltima assembleia geral, vai refor\u00e7ar a divulga\u00e7\u00e3o do congresso junto aos trabalhadores.<\/p>\n<p><a href=\"http:\/\/sintema.org.br\/sintema\/wp-content\/uploads\/2018\/09\/consintema.png\"><img loading=\"lazy\" class=\"alignnone size-full wp-image-10075\" src=\"http:\/\/sintema.org.br\/sintema\/wp-content\/uploads\/2018\/09\/consintema.png\" alt=\"\" width=\"629\" height=\"654\" srcset=\"http:\/\/sintema.org.br\/sintema\/wp-content\/uploads\/2018\/09\/consintema.png 629w, http:\/\/sintema.org.br\/sintema\/wp-content\/uploads\/2018\/09\/consintema-289x300.png 289w\" sizes=\"(max-width: 629px) 100vw, 629px\" \/><\/a><\/p>\n<p><strong>SUGEST\u00d5ES \u2013<\/strong>&nbsp;<strong>Os<\/strong>&nbsp;<strong>trabalhadores e trabalhadoras em educa\u00e7\u00e3o j\u00e1 podem enviar sugest\u00f5es por meio de formul\u00e1rio eletr\u00f4nico que ser\u00e1 recebido pela comiss\u00e3o interna de altera\u00e7\u00e3o estatut\u00e1ria. A medida, n\u00e3o inviabiliza a apresenta\u00e7\u00e3o de sugest\u00f5es durante o VI Consintema. Para enviar \u00e9 s\u00f3 clicar&nbsp;<a href=\"https:\/\/docs.google.com\/forms\/d\/e\/1FAIpQLScJ9EEkzvDDd-1CQl3HWsU6aWlIoEl8W9kYTapm6dONJ5JLAA\/viewform\">AQUI<\/a>.<\/strong><\/p>\n<p>&nbsp;<\/p>\n<p><strong>Para acessar o Estatuto do Sintema em vig\u00eancia, clique&nbsp;<a href=\"http:\/\/sintema.org.br\/sintema\/documentos\/\">AQUI.<\/a><\/strong><\/p>\n","protected":false},"excerpt":{"rendered":"<p>&nbsp; &nbsp; A Diretoria do Sintema gest\u00e3o \u201cSindicato \u00e9 pra Lutar\u201d, publicou, nos dias 4 e 8 de novembro de 2018, no jornal O Imparcial e no Di\u00e1rio Oficial do Estado, o Edital de Convoca\u00e7\u00e3o do VI Consintema, cumprindo o que determina o artigo 11 do Estatuto do sindicato, e Portaria do Minist\u00e9rio do Trabalho [&hellip;]<\/p>\n","protected":false},"author":2,"featured_media":0,"comment_status":"open","ping_status":"open","sticky":false,"template":"","format":"standard","meta":[],"categories":[12,5],"tags":[],"_links":{"self":[{"href":"http:\/\/sintema.org.br\/sintema\/wp-json\/wp\/v2\/posts\/10176"}],"collection":[{"href":"http:\/\/sintema.org.br\/sintema\/wp-json\/wp\/v2\/posts"}],"about":[{"href":"http:\/\/sintema.org.br\/sintema\/wp-json\/wp\/v2\/types\/post"}],"author":[{"embeddable":true,"href":"http:\/\/sintema.org.br\/sintema\/wp-json\/wp\/v2\/users\/2"}],"replies":[{"embeddable":true,"href":"http:\/\/sintema.org.br\/sintema\/wp-json\/wp\/v2\/comments?post=10176"}],"version-history":[{"count":5,"href":"http:\/\/sintema.org.br\/sintema\/wp-json\/wp\/v2\/posts\/10176\/revisions"}],"predecessor-version":[{"id":10184,"href":"http:\/\/sintema.org.br\/sintema\/wp-json\/wp\/v2\/posts\/10176\/revisions\/10184"}],"wp:attachment":[{"href":"http:\/\/sintema.org.br\/sintema\/wp-json\/wp\/v2\/media?parent=10176"}],"wp:term":[{"taxonomy":"category","embeddable":true,"href":"http:\/\/sintema.org.br\/sintema\/wp-json\/wp\/v2\/categories?post=10176"},{"taxonomy":"post_tag","embeddable":true,"href":"http:\/\/sintema.org.br\/sintema\/wp-json\/wp\/v2\/tags?post=10176"}],"curies":[{"name":"wp","href":"https:\/\/api.w.org\/{rel}","templated":true}]}}