{"id":10227,"date":"2018-12-25T08:46:39","date_gmt":"2018-12-25T08:46:39","guid":{"rendered":"http:\/\/sintema.org.br\/sintema\/?p=10227"},"modified":"2018-12-26T13:52:15","modified_gmt":"2018-12-26T13:52:15","slug":"fim-de-ano-feliz-natal-e-um-2019-repleto-de-lutas-e-vitorias","status":"publish","type":"post","link":"http:\/\/sintema.org.br\/sintema\/fim-de-ano-feliz-natal-e-um-2019-repleto-de-lutas-e-vitorias\/","title":{"rendered":"FIM DE ANO | Feliz Natal e um 2019 repleto de lutas e vit\u00f3rias"},"content":{"rendered":"<p>Para melhor visualiza\u00e7\u00e3o clique na imagem para ampliar.<\/p>\n<p><a href=\"http:\/\/sintema.org.br\/sintema\/wp-content\/uploads\/2018\/12\/CARTAO-DE-NATAL-2018-sintema.png\"><img loading=\"lazy\" class=\"alignnone size-full wp-image-10228\" src=\"http:\/\/sintema.org.br\/sintema\/wp-content\/uploads\/2018\/12\/CARTAO-DE-NATAL-2018-sintema.png\" alt=\"\" width=\"502\" height=\"354\"><\/a><\/p>\n","protected":false},"excerpt":{"rendered":"<p>Para melhor visualiza\u00e7\u00e3o clique na imagem para ampliar.<\/p>\n","protected":false},"author":2,"featured_media":0,"comment_status":"open","ping_status":"open","sticky":false,"template":"","format":"standard","meta":[],"categories":[5],"tags":[],"_links":{"self":[{"href":"http:\/\/sintema.org.br\/sintema\/wp-json\/wp\/v2\/posts\/10227"}],"collection":[{"href":"http:\/\/sintema.org.br\/sintema\/wp-json\/wp\/v2\/posts"}],"about":[{"href":"http:\/\/sintema.org.br\/sintema\/wp-json\/wp\/v2\/types\/post"}],"author":[{"embeddable":true,"href":"http:\/\/sintema.org.br\/sintema\/wp-json\/wp\/v2\/users\/2"}],"replies":[{"embeddable":true,"href":"http:\/\/sintema.org.br\/sintema\/wp-json\/wp\/v2\/comments?post=10227"}],"version-history":[{"count":1,"href":"http:\/\/sintema.org.br\/sintema\/wp-json\/wp\/v2\/posts\/10227\/revisions"}],"predecessor-version":[{"id":10229,"href":"http:\/\/sintema.org.br\/sintema\/wp-json\/wp\/v2\/posts\/10227\/revisions\/10229"}],"wp:attachment":[{"href":"http:\/\/sintema.org.br\/sintema\/wp-json\/wp\/v2\/media?parent=10227"}],"wp:term":[{"taxonomy":"category","embeddable":true,"href":"http:\/\/sintema.org.br\/sintema\/wp-json\/wp\/v2\/categories?post=10227"},{"taxonomy":"post_tag","embeddable":true,"href":"http:\/\/sintema.org.br\/sintema\/wp-json\/wp\/v2\/tags?post=10227"}],"curies":[{"name":"wp","href":"https:\/\/api.w.org\/{rel}","templated":true}]}}