{"id":10346,"date":"2019-01-14T13:36:34","date_gmt":"2019-01-14T13:36:34","guid":{"rendered":"http:\/\/sintema.org.br\/sintema\/?p=10346"},"modified":"2019-01-14T13:44:13","modified_gmt":"2019-01-14T13:44:13","slug":"plano-de-carreira-vi-consintema-resgata-historia-de-luta-da-categoria-avancos-e-desafios-do-pcctae","status":"publish","type":"post","link":"http:\/\/sintema.org.br\/sintema\/plano-de-carreira-vi-consintema-resgata-historia-de-luta-da-categoria-avancos-e-desafios-do-pcctae\/","title":{"rendered":"PLANO DE CARREIRA | VI CONSINTEMA resgata hist\u00f3ria de luta da categoria, avan\u00e7os e desafios do PCCTAE"},"content":{"rendered":"<div id=\"yui_3_16_0_ym19_1_1547470037667_14954\" class=\"thread-body\" tabindex=\"0\" role=\"presentation\" aria-labelledby=\"yui_3_16_0_ym19_1_1547470037667_14954 \">\n<div id=\"yui_3_16_0_ym19_1_1547470037667_14966\" class=\"body undoreset\" tabindex=\"0\">\n<div id=\"yui_3_16_0_ym19_1_1547470037667_14965\" class=\"email-wrapped\">\n<div id=\"yiv7050346602\">\n<div id=\"yui_3_16_0_ym19_1_1547470037667_14964\">\n<div id=\"yui_3_16_0_ym19_1_1547470037667_14963\" class=\"yiv7050346602ydp90c4b575yahoo-style-wrap\">\n<p id=\"yui_3_16_0_ym19_1_1547470037667_14961\"><span id=\"yui_3_16_0_ym19_1_1547470037667_14960\" style=\"font-family: 'Liberation Serif', serif;\"><span id=\"yui_3_16_0_ym19_1_1547470037667_14959\" style=\"font-size: medium;\">No \u00faltimo dia (11) do VI CONSINTEMA, <span id=\"yui_3_16_0_ym19_1_1547470037667_14998\" style=\"color: #000000;\"><span id=\"yui_3_16_0_ym19_1_1547470037667_14997\">realizado pelo Sindicato dos Trabalhadores em Educa\u00e7\u00e3o de 3\u00ba Grau no Estado do Maranh\u00e3o \u2013 SINTEMA, <\/span><\/span><span id=\"yui_3_16_0_ym19_1_1547470037667_14958\" style=\"color: #000000;\"><span id=\"yui_3_16_0_ym19_1_1547470037667_14957\">no audit\u00f3rio C\u00f4nego Ribamar Carvalho, \u00c1rea de Viv\u00eancia\/UFMA, os delegados e delegadas discutiram o hist\u00f3rico de lutas da categoria e os avan\u00e7os do atual Plano de Carreiras da categoria, o PCCTAE. A<\/span><\/span><span id=\"yui_3_16_0_ym19_1_1547470037667_15050\" style=\"color: #000000;\"><span id=\"yui_3_16_0_ym19_1_1547470037667_15049\"> categoria tamb\u00e9m aprovou a altera\u00e7\u00e3o estatut\u00e1ria e o plano de lutas.<\/span><\/span><\/span><\/span><\/p>\n<p><a href=\"http:\/\/sintema.org.br\/sintema\/wp-content\/uploads\/2019\/01\/aida-1-mesa-completa.png\"><img loading=\"lazy\" class=\"alignnone size-full wp-image-10352\" src=\"http:\/\/sintema.org.br\/sintema\/wp-content\/uploads\/2019\/01\/aida-1-mesa-completa.png\" alt=\"\" width=\"480\" height=\"320\" srcset=\"http:\/\/sintema.org.br\/sintema\/wp-content\/uploads\/2019\/01\/aida-1-mesa-completa.png 480w, http:\/\/sintema.org.br\/sintema\/wp-content\/uploads\/2019\/01\/aida-1-mesa-completa-300x200.png 300w\" sizes=\"(max-width: 480px) 100vw, 480px\" \/><\/a><\/p>\n<p><span style=\"color: #008000;\"><em><strong>Aida Maia, palestrante convidada da UFRB.<\/strong><\/em><\/span><\/p>\n<p><span id=\"yui_3_16_0_ym19_1_1547470037667_15055\" style=\"font-family: 'Liberation Serif', serif;\"><span id=\"yui_3_16_0_ym19_1_1547470037667_15054\" style=\"font-size: medium;\"><span style=\"color: #000000;\">A mesa sobre PCCTAE foi<\/span><span id=\"yui_3_16_0_ym19_1_1547470037667_15053\" style=\"color: #000000;\"><span id=\"yui_3_16_0_ym19_1_1547470037667_15052\"> coordenada p<\/span><\/span><span style=\"color: #000000;\">elo dirigente<\/span><span style=\"color: #000000;\"> Cl\u00e1udio Bezerra, e <\/span><span style=\"color: #000000;\">contou com as palestrantes <\/span><span id=\"yui_3_16_0_ym19_1_1547470037667_15058\" style=\"color: #000000;\"><span id=\"yui_3_16_0_ym19_1_1547470037667_15057\">Aida Celeste Maia, membro da Comiss\u00e3o Nacional da Supervis\u00e3o da Carreira <\/span><\/span><span style=\"color: #000000;\">e TAE da Universidade Federal do Rec\u00f4ncavo da Bahia (UFRB)<\/span><span style=\"color: #000000;\">, e Gra\u00e7a Ferro, <\/span><span id=\"yui_3_16_0_ym19_1_1547470037667_15060\" style=\"color: #000000;\"><span id=\"yui_3_16_0_ym19_1_1547470037667_15059\">ex-dirigente da FASUBRA e atual diretora do <\/span><\/span><span style=\"color: #000000;\">Sintema. <\/span><\/span><\/span><\/p>\n<p>&nbsp;<\/p>\n<p><span id=\"yui_3_16_0_ym19_1_1547470037667_15066\" style=\"font-family: 'Liberation Serif', serif;\"><span id=\"yui_3_16_0_ym19_1_1547470037667_15065\" style=\"font-size: medium;\"><span style=\"color: #000000;\">Aida <\/span><span style=\"color: #000000;\">tra\u00e7ou<\/span><span id=\"yui_3_16_0_ym19_1_1547470037667_15064\" style=\"color: #000000;\"><span id=\"yui_3_16_0_ym19_1_1547470037667_15063\"> o cen\u00e1rio hist\u00f3rico da luta pela implanta\u00e7\u00e3o do PCCTAE, <\/span><\/span><span style=\"color: #000000;\">citando os <\/span>movimentos grevistas, que buscavam, n\u00e3o apenas a recupera\u00e7\u00e3o de sal\u00e1rios, mas a afirma\u00e7\u00e3o da identidade da categoria como t\u00e9cnico-administrativos em educa\u00e7\u00e3o e agentes do processo de forma\u00e7\u00e3o do cidad\u00e3o e da constru\u00e7\u00e3o do conhecimento.<\/span><\/span><\/p>\n<p><a href=\"http:\/\/sintema.org.br\/sintema\/wp-content\/uploads\/2019\/01\/miguel.jpg\"><img loading=\"lazy\" class=\"alignnone  wp-image-10349\" src=\"http:\/\/sintema.org.br\/sintema\/wp-content\/uploads\/2019\/01\/miguel.jpg\" alt=\"\" width=\"459\" height=\"306\" srcset=\"http:\/\/sintema.org.br\/sintema\/wp-content\/uploads\/2019\/01\/miguel.jpg 900w, http:\/\/sintema.org.br\/sintema\/wp-content\/uploads\/2019\/01\/miguel-300x200.jpg 300w, http:\/\/sintema.org.br\/sintema\/wp-content\/uploads\/2019\/01\/miguel-768x512.jpg 768w\" sizes=\"(max-width: 459px) 100vw, 459px\" \/><\/a><\/p>\n<p><span style=\"color: #008000;\"><em><strong>Delegado Miguel Barbosa participou do debate sobre PCCTAE.<\/strong><\/em><\/span><\/p>\n<p><span id=\"yui_3_16_0_ym19_1_1547470037667_15071\" style=\"font-family: 'Liberation Serif', serif;\"><span id=\"yui_3_16_0_ym19_1_1547470037667_15070\" style=\"font-size: medium;\">A luta come\u00e7ou no cen\u00e1rio da redemocratiza\u00e7\u00e3o, com o Plano de Cargos e Sal\u00e1rios em 1985; o Plano \u00danico de Classifica\u00e7\u00e3o e Retribui\u00e7\u00e3o de Cargos e Empregos <span style=\"color: #545454;\">(<\/span>PUCRCE), em 1987; o Regime J\u00faridico \u00danico \u2013 RJU, em 1990, e a luta, ano longo da d\u00e9cada de 90, contra o clientelismo, a profissionaliza\u00e7\u00e3o incompleta, o enrijecimento burocr\u00e1tico, e o excesso de quadros e privil\u00e9gios previdenci\u00e1rios. \u201c<span id=\"yui_3_16_0_ym19_1_1547470037667_15076\">S\u00f3 em 2005 foi aprovada a <\/span>Lei 11091, que disp\u00f5e sobre o Regime Jur\u00eddico dos Cargos do Plano de Carreira, mas, a luta pelo PCCTAE come\u00e7ou, efetivamente, em 2003 com greve, negocia\u00e7\u00e3o para que em 2005 fosse aprovada, firmando a nossa identidade. Por isso precisamos vestir a camisa da luta, pois o PCCTAE se diferencia dos demais planos de cargos e sal\u00e1rios aplicados \u00e0 administra\u00e7\u00e3o p\u00fablica por trazer em seu bojo n\u00e3o s\u00f3 uma tabela remunerat\u00f3ria, mas, principalmente, elementos de gest\u00e3o institucional e conceitos inovadores, rompendo com as mesmices na gest\u00e3o p\u00fablica, al\u00e9m da defesa de uma pol\u00edtica de Estado\u201d, frisou Ainda. <\/span><\/span><\/p>\n<p>&nbsp;<\/p>\n<p><span id=\"yui_3_16_0_ym19_1_1547470037667_15079\" style=\"font-family: 'Liberation Serif', serif;\"><span id=\"yui_3_16_0_ym19_1_1547470037667_15078\" style=\"font-size: medium;\">A palestrante demonstrou preocupa\u00e7\u00e3o pelo fato de que a parte mais importante dos avan\u00e7os obtidos com o PCCTAE est\u00e3o em portarias e decretos, o que fica mais f\u00e1cil de alterar e perder. \u201cO atual Governo n\u00e3o gosta do servi\u00e7o p\u00fablico e nem dos servidores, e quer estagnar nossa categoria. J\u00e1 tem planos e projetos arquitetados. O momento \u00e9 dif\u00edcil, precisamos ficar atentos. O PCCTAE \u00e9 nosso escudo, que precisa ser usado diariamente, fruto de uma luta muito \u00e1rdua, de muitos anos\u201d, pontuou.<\/span><\/span><\/p>\n<p><a href=\"http:\/\/sintema.org.br\/sintema\/wp-content\/uploads\/2019\/01\/gra\u00e7a.jpg\"><img loading=\"lazy\" class=\"alignnone  wp-image-10350\" src=\"http:\/\/sintema.org.br\/sintema\/wp-content\/uploads\/2019\/01\/gra\u00e7a.jpg\" alt=\"\" width=\"472\" height=\"345\" srcset=\"http:\/\/sintema.org.br\/sintema\/wp-content\/uploads\/2019\/01\/gra\u00e7a.jpg 941w, http:\/\/sintema.org.br\/sintema\/wp-content\/uploads\/2019\/01\/gra\u00e7a-300x219.jpg 300w, http:\/\/sintema.org.br\/sintema\/wp-content\/uploads\/2019\/01\/gra\u00e7a-768x562.jpg 768w\" sizes=\"(max-width: 472px) 100vw, 472px\" \/><\/a><\/p>\n<p><span style=\"color: #008000;\"><em><strong>Gra\u00e7a Ferro, dirigente do Sintema, durante palestra.<\/strong><\/em><\/span><\/p>\n<p><span id=\"yui_3_16_0_ym19_1_1547470037667_15083\" style=\"font-family: 'Liberation Serif', serif;\"><span id=\"yui_3_16_0_ym19_1_1547470037667_15082\" style=\"font-size: medium;\">A palestrante Gra\u00e7a Ferro elencou avan\u00e7os obtidos pela categoria com o advento do PCCTAE. Falou tamb\u00e9m da necessidade de olhar o passado para analisar o presente. Destacou os sonhos que a categoria tinha quando se lutava pelo plano de carreiras: gest\u00f5es democr\u00e1ticas, educa\u00e7\u00e3o p\u00fablica de qualidade, sujeito do fazer a universidade.<\/span><\/span><\/p>\n<p>&nbsp;<\/p>\n<p>\u201c<span id=\"yui_3_16_0_ym19_1_1547470037667_15086\" style=\"font-family: 'Liberation Serif', serif;\"><span id=\"yui_3_16_0_ym19_1_1547470037667_15085\" style=\"font-size: medium;\">Foi uma luta insana dos trabalhadores. Foram d\u00e9cadas de lutas, e os mais novos precisam conhecer. Avan\u00e7amos bastante, e hoje somos profissionais da educa\u00e7\u00e3o, isso nos identifica. Valoriza\u00e7\u00e3o e identidade profissional foram as maiores conquistas, dessa forma, precisamos impedir que fa\u00e7am qualquer altera\u00e7\u00e3o no PCCTAE sem ouvir os trabalhadores\u201d, afirmou a sindicalista. <\/span><\/span><\/p>\n<p><a href=\"http:\/\/sintema.org.br\/sintema\/wp-content\/uploads\/2019\/01\/ribamar-sousa.jpg\"><img loading=\"lazy\" class=\"alignnone  wp-image-10348\" src=\"http:\/\/sintema.org.br\/sintema\/wp-content\/uploads\/2019\/01\/ribamar-sousa.jpg\" alt=\"\" width=\"436\" height=\"399\" srcset=\"http:\/\/sintema.org.br\/sintema\/wp-content\/uploads\/2019\/01\/ribamar-sousa.jpg 837w, http:\/\/sintema.org.br\/sintema\/wp-content\/uploads\/2019\/01\/ribamar-sousa-300x274.jpg 300w, http:\/\/sintema.org.br\/sintema\/wp-content\/uploads\/2019\/01\/ribamar-sousa-768x702.jpg 768w\" sizes=\"(max-width: 436px) 100vw, 436px\" \/><\/a><\/p>\n<p><span style=\"color: #008000;\"><em><strong>Delegado Ribamar Sousa, tamb\u00e9m participou do debate.<\/strong><\/em><\/span><\/p>\n<p><span style=\"font-family: 'Liberation Serif', serif;\"><span style=\"font-size: medium;\">Para a palestrante, o PCCTAE tem conquistas muito importantes, como fomento \u00e0 capacita\u00e7\u00e3o e qualifica\u00e7\u00e3o; plano de desenvolvimento; cargo \u00fanico; carreira como instrumento de gest\u00e3o e alicer\u00e7ada na qualifica\u00e7\u00e3o profissional; paridade entre ativos e aposentados; tabela como uma matriz coluna; padr\u00e3o de vencimento; e aplicabilidade dos efeitos dessa lei aos servidores, dentre outras.<\/span><\/span><\/p>\n<p>&nbsp;<\/p>\n<p><span style=\"font-family: 'Liberation Serif', serif;\"><span style=\"font-size: medium;\">Gra\u00e7a tamb\u00e9m abordou alguns problemas institucionais (limitadores) para o PCCTAE: falta de projeto institucional constru\u00eddo democraticamente; capacita\u00e7\u00e3o n\u00e3o-priorit\u00e1ria; readapta\u00e7\u00e3o; ascens\u00e3o; defici\u00eancia nos quadros; e n\u00e3o reposi\u00e7\u00e3o de vagas. <\/span><\/span><\/p>\n<p>&nbsp;<\/p>\n<p>\u201c<span style=\"font-family: 'Liberation Serif', serif;\"><span style=\"font-size: medium;\">Devemos ser multiplicadores da import\u00e2ncia do PCCTAE. Sa\u00edmos de um per\u00edodo dif\u00edcil, que foi a ditadura militar, passamos para um de per\u00edodo de evolu\u00e7\u00e3o; de repente, a gente ver uma amea\u00e7a em cima disso. Gostaria que a gente n\u00e3o ficasse na defensiva, pelo contr\u00e1rio, que fossemos na ofensiva mesmo. Que a gente se una para mobiliza\u00e7\u00e3o, antes que venham os preju\u00edzos. Temos que nos unir e lutar pela manuten\u00e7\u00e3o dos nossos direitos\u201d, finalizou Gra\u00e7a Ferro. <\/span><\/span><\/p>\n<p>&nbsp;<\/p>\n<p><span style=\"font-family: 'Liberation Serif', serif;\"><span style=\"font-size: medium;\">O coordenador da mesa, Cl\u00e1udio Bezerra, mencionou que na atual conjuntura pol\u00edtica, a luta pela manuten\u00e7\u00e3o dos direitos vai ser muito maior que a luta por conquistas. \u201cTemos que tomar consci\u00eancia dos nossos direitos, suscitar o debate, resgatar essa luta, sinalizar o ponto de discuss\u00e3o, perceber tamb\u00e9m o n\u00edvel de responsabilidade de cada um de n\u00f3s na defesa de direitos e valoriza\u00e7\u00e3o da nossa fun\u00e7\u00e3o, da nossa institui\u00e7\u00e3o\u201d, apontou. <\/span><\/span><\/p>\n<p>&nbsp;<\/p>\n<p><span style=\"font-family: 'Liberation Serif', serif;\"><span style=\"font-size: medium;\"><span style=\"color: #000000;\">Ap\u00f3s o debate sobre o PCCTAE, os delegados passaram a analisar as propostas de altera\u00e7\u00e3o estatut\u00e1ria, e constru\u00edram um Plano de Lutas para o pr\u00f3ximo per\u00edodo.<\/span><\/span><\/span><\/p>\n<p>&nbsp;<\/p>\n<p><span style=\"font-size: medium;\"><em><span style=\"font-family: 'Liberation Serif', serif;\"><b><span style=\"color: #000000;\">Imprensa Sintema.<\/span><\/b><\/span><\/em><\/span><\/p>\n<\/div>\n<\/div>\n<\/div>\n<\/div>\n<\/div>\n<\/div>\n","protected":false},"excerpt":{"rendered":"<p>No \u00faltimo dia (11) do VI CONSINTEMA, realizado pelo Sindicato dos Trabalhadores em Educa\u00e7\u00e3o de 3\u00ba Grau no Estado do Maranh\u00e3o \u2013 SINTEMA, no audit\u00f3rio C\u00f4nego Ribamar Carvalho, \u00c1rea de Viv\u00eancia\/UFMA, os delegados e delegadas discutiram o hist\u00f3rico de lutas da categoria e os avan\u00e7os do atual Plano de Carreiras da categoria, o PCCTAE. A [&hellip;]<\/p>\n","protected":false},"author":2,"featured_media":0,"comment_status":"open","ping_status":"open","sticky":false,"template":"","format":"standard","meta":[],"categories":[5],"tags":[],"_links":{"self":[{"href":"http:\/\/sintema.org.br\/sintema\/wp-json\/wp\/v2\/posts\/10346"}],"collection":[{"href":"http:\/\/sintema.org.br\/sintema\/wp-json\/wp\/v2\/posts"}],"about":[{"href":"http:\/\/sintema.org.br\/sintema\/wp-json\/wp\/v2\/types\/post"}],"author":[{"embeddable":true,"href":"http:\/\/sintema.org.br\/sintema\/wp-json\/wp\/v2\/users\/2"}],"replies":[{"embeddable":true,"href":"http:\/\/sintema.org.br\/sintema\/wp-json\/wp\/v2\/comments?post=10346"}],"version-history":[{"count":3,"href":"http:\/\/sintema.org.br\/sintema\/wp-json\/wp\/v2\/posts\/10346\/revisions"}],"predecessor-version":[{"id":10354,"href":"http:\/\/sintema.org.br\/sintema\/wp-json\/wp\/v2\/posts\/10346\/revisions\/10354"}],"wp:attachment":[{"href":"http:\/\/sintema.org.br\/sintema\/wp-json\/wp\/v2\/media?parent=10346"}],"wp:term":[{"taxonomy":"category","embeddable":true,"href":"http:\/\/sintema.org.br\/sintema\/wp-json\/wp\/v2\/categories?post=10346"},{"taxonomy":"post_tag","embeddable":true,"href":"http:\/\/sintema.org.br\/sintema\/wp-json\/wp\/v2\/tags?post=10346"}],"curies":[{"name":"wp","href":"https:\/\/api.w.org\/{rel}","templated":true}]}}