{"id":10526,"date":"2019-04-29T15:22:03","date_gmt":"2019-04-29T15:22:03","guid":{"rendered":"http:\/\/sintema.org.br\/sintema\/?p=10526"},"modified":"2019-04-29T15:22:04","modified_gmt":"2019-04-29T15:22:04","slug":"iii-ene-sintema-presente-no-maior-encontro-nacional-sobre-educacao-publica","status":"publish","type":"post","link":"http:\/\/sintema.org.br\/sintema\/iii-ene-sintema-presente-no-maior-encontro-nacional-sobre-educacao-publica\/","title":{"rendered":"III ENE | Sintema presente no maior encontro nacional sobre Educa\u00e7\u00e3o P\u00fablica"},"content":{"rendered":"<p align=\"justify\"><a href=\"http:\/\/sintema.org.br\/sintema\/wp-content\/uploads\/2019\/04\/IMG-20190413-WA0019.jpg\"><img loading=\"lazy\" class=\"alignnone  wp-image-10530\" src=\"http:\/\/sintema.org.br\/sintema\/wp-content\/uploads\/2019\/04\/IMG-20190413-WA0019-1024x768.jpg\" alt=\"\" height=\"335\" width=\"447\" srcset=\"http:\/\/sintema.org.br\/sintema\/wp-content\/uploads\/2019\/04\/IMG-20190413-WA0019-1024x768.jpg 1024w, http:\/\/sintema.org.br\/sintema\/wp-content\/uploads\/2019\/04\/IMG-20190413-WA0019-300x225.jpg 300w, http:\/\/sintema.org.br\/sintema\/wp-content\/uploads\/2019\/04\/IMG-20190413-WA0019-768x576.jpg 768w, http:\/\/sintema.org.br\/sintema\/wp-content\/uploads\/2019\/04\/IMG-20190413-WA0019.jpg 1032w\" sizes=\"(max-width: 447px) 100vw, 447px\" \/><\/a><\/p>\n<p align=\"justify\"><span style=\"font-family: Arial, sans-serif;\"><span style=\"font-size: medium;\"><span style=\"color: #444444;\">O vice-presidente do Sintema, Jorge Mendes, participou do <\/span><span style=\"color: #444444;\">III Encontro Nacional de Educa\u00e7\u00e3o, <\/span><span style=\"color: #444444;\">no per\u00edodo de 12 a 14 de Abril. O sindicalista apresentou relat\u00f3rio de sua participa\u00e7\u00e3o no evento aos demais dirigentes sindicais durante Reuni\u00e3o da Diretoria do Sintema realizada na sede do sindicato, nesta ter\u00e7a-feira, dia 23<\/span><span style=\"color: #444444;\">. <\/span>O encontro reuniu mais de 1200 pessoas de todo o pa\u00eds para discutir os rumos da luta por uma educa\u00e7\u00e3o p\u00fablica, gratuita, laica, de qualidade e socialmente referenciada. <\/span><\/span><\/p>\n<p align=\"justify\">&nbsp;<\/p>\n<p align=\"justify\"><span style=\"color: #444444;\"><span style=\"font-family: Arial, sans-serif;\"><span style=\"font-size: medium;\"><br \/>\nJorge Mendes ressaltou que o III ENE ocorreu em um momento importante de resist\u00eancia dos educadores e trabalhadores em educa\u00e7\u00e3o, que no cen\u00e1rio nacional enfrentam investidas reacion\u00e1rias de um governo ultradireitista, que desvaloriza a Educa\u00e7\u00e3o P\u00fablica como sa\u00edda para a exclus\u00e3o social. <\/span><\/span><\/span><\/p>\n<p align=\"justify\">&nbsp;<\/p>\n<p align=\"justify\"><span style=\"color: #444444;\">\u201c<span style=\"font-family: Arial, sans-serif;\"><span style=\"font-size: medium;\">O III ENE apontou que a Educa\u00e7\u00e3o P\u00fablica continua sendo o melhor caminho para reduzir abismos entre a pobreza e o avan\u00e7o social, al\u00e9m de cobrar a vincula\u00e7\u00e3o das verbas para a Educa\u00e7\u00e3o, a exemplo do FUNDEB, diretamente do Or\u00e7amento da Uni\u00e3o\u201d, explicou.<\/span><\/span><\/span><\/p>\n<p align=\"justify\">&nbsp;<\/p>\n<p align=\"justify\"><a href=\"http:\/\/sintema.org.br\/sintema\/wp-content\/uploads\/2019\/04\/IMG-20190414-WA0005.jpg\"><img loading=\"lazy\" class=\"alignnone  wp-image-10529\" src=\"http:\/\/sintema.org.br\/sintema\/wp-content\/uploads\/2019\/04\/IMG-20190414-WA0005-768x1024.jpg\" alt=\"\" height=\"532\" width=\"399\" srcset=\"http:\/\/sintema.org.br\/sintema\/wp-content\/uploads\/2019\/04\/IMG-20190414-WA0005-768x1024.jpg 768w, http:\/\/sintema.org.br\/sintema\/wp-content\/uploads\/2019\/04\/IMG-20190414-WA0005-225x300.jpg 225w, http:\/\/sintema.org.br\/sintema\/wp-content\/uploads\/2019\/04\/IMG-20190414-WA0005.jpg 774w\" sizes=\"(max-width: 399px) 100vw, 399px\" \/><\/a><\/p>\n<p align=\"justify\"><span style=\"color: #444444;\">\u201c<span style=\"font-family: Arial, sans-serif;\"><span style=\"font-size: medium;\">Banqueiros e patr\u00f5es atacam os direitos historicamente conquistados pela classe trabalhadora para enriquecerem com a privatiza\u00e7\u00e3o da educa\u00e7\u00e3o e o aprofundamento da explora\u00e7\u00e3o da classe trabalhadora. Contra tudo isso, \u00e9 que precisamos prosseguir resistindo\u201d, finalizou Jorge Mendes. <\/span><\/span><\/span><\/p>\n<p align=\"justify\">&nbsp;<\/p>\n<p align=\"justify\"><span style=\"color: #444444;\">\u201c<span style=\"font-family: Arial, sans-serif;\"><span style=\"font-size: medium;\">Capitalismo e Educa\u00e7\u00e3o \u2013 Lutas internacionais e nacionais pela educa\u00e7\u00e3o p\u00fablica\u201d foi o tema que abriu os debates do encontro, com a presen\u00e7a de tr\u00eas mulheres como palestrantes: Maria de La Luz Arriaga (professora do M\u00e9xico), Nara Cladera (professora da Fran\u00e7a) e Virg\u00ednia Fontes (professora da UFF). A professora mexicana prop\u00f4s uma reflex\u00e3o sobre quais s\u00e3o as condi\u00e7\u00f5es, estrat\u00e9gias e desafios da luta pela educa\u00e7\u00e3o p\u00fablica. Abordou a reestrutura\u00e7\u00e3o dos sistemas educacionais e o avan\u00e7o da privatiza\u00e7\u00e3o e mercantiliza\u00e7\u00e3o do ensino. Segundo ela, as milhares de escolas no mundo representam um grande neg\u00f3cio. E abrem espa\u00e7o para ampliar o controle social e forma\u00e7\u00e3o de m\u00e3o de obra para atender \u00e0 demanda do mercado.<\/span><\/span><\/span><\/p>\n<p align=\"justify\">&nbsp;<\/p>\n<p align=\"justify\"><span style=\"color: #444444;\"><span style=\"font-family: Arial, sans-serif;\"><span style=\"font-size: medium;\"><b><strong>Mo\u00e7\u00f5es aprovadas por aclama\u00e7\u00e3o<\/strong><\/b><\/span><\/span><\/span><\/p>\n<p align=\"justify\"><span style=\"color: #444444;\"><span style=\"font-family: Arial, sans-serif;\"><span style=\"font-size: medium;\"><b><strong><a href=\"http:\/\/sintema.org.br\/sintema\/wp-content\/uploads\/2019\/04\/IMG-20190414-WA0006.jpg\"><img loading=\"lazy\" class=\"alignnone size-large wp-image-10532\" src=\"http:\/\/sintema.org.br\/sintema\/wp-content\/uploads\/2019\/04\/IMG-20190414-WA0006-1024x768.jpg\" alt=\"\" height=\"480\" width=\"640\" srcset=\"http:\/\/sintema.org.br\/sintema\/wp-content\/uploads\/2019\/04\/IMG-20190414-WA0006-1024x768.jpg 1024w, http:\/\/sintema.org.br\/sintema\/wp-content\/uploads\/2019\/04\/IMG-20190414-WA0006-300x225.jpg 300w, http:\/\/sintema.org.br\/sintema\/wp-content\/uploads\/2019\/04\/IMG-20190414-WA0006-768x576.jpg 768w, http:\/\/sintema.org.br\/sintema\/wp-content\/uploads\/2019\/04\/IMG-20190414-WA0006.jpg 1032w\" sizes=\"(max-width: 640px) 100vw, 640px\" \/><\/a><br \/>\n<\/strong><\/b><\/span><\/span><\/span><span style=\"color: #444444;\"><span style=\"font-family: Arial, sans-serif;\"><span style=\"font-size: medium;\">Ap\u00f3s a leitura da Carta do III ENE, as mo\u00e7\u00f5es do encontro foram lidas e aprovadas por aclama\u00e7\u00e3o. Rep\u00fadios aos ataques \u00e0 qualidade no ensino e precariza\u00e7\u00e3o da educa\u00e7\u00e3o no pa\u00eds, \u00e0 criminaliza\u00e7\u00e3o das lutas e \u00e0 militariza\u00e7\u00e3o das escolas p\u00fablicas, \u00e0 persegui\u00e7\u00e3o a professores; solidariedade \u00e0s universidades em luta como as estaduais da Bahia e do Piau\u00ed, a Federal UniRio, onde houve interven\u00e7\u00e3o no processo de escolha do reitor, e outras. Tamb\u00e9m foi aprovado o rep\u00fadio \u00e0 persegui\u00e7\u00e3o da Vale SA ao professor da Unifesspa, Evandro Medeiros.<\/span><\/span><\/span><\/p>\n<p align=\"justify\">&nbsp;<\/p>\n<p align=\"justify\"><span style=\"color: #444444;\"><span style=\"font-family: Arial, sans-serif;\"><span style=\"font-size: medium;\">As mo\u00e7\u00f5es internacionais expressam a globalidade do projeto de mercantiliza\u00e7\u00e3o da educa\u00e7\u00e3o pelo Capital, que conta com a resist\u00eancia em diversos pa\u00edses. Foi aprovado o apoio e solidariedade internacionalista \u00e0s lutas que est\u00e3o acontecendo no M\u00e9xico, na Argentina, Pol\u00f4nia e na Fran\u00e7a, com greve geral da educa\u00e7\u00e3o marcada para 9 de maio. Tamb\u00e9m foi aprovada a mo\u00e7\u00e3o pela liberta\u00e7\u00e3o do petroleiro Daniel Ruiz preso h\u00e1 7 meses na Argentina.<\/span><\/span><\/span><\/p>\n<p align=\"justify\">&nbsp;<\/p>\n<p align=\"justify\"><span style=\"color: #444444;\"><span style=\"font-family: Arial, sans-serif;\"><span style=\"font-size: medium;\">A Carta do III ENE ser\u00e1 divulgada ao longo da semana. Tanto as mo\u00e7\u00f5es quanto as sugest\u00f5es de inclus\u00e3o na Carta ser\u00e3o sistematizadas pela Conedep no relat\u00f3rio final do encontro. O documento tamb\u00e9m ser\u00e1 disponibilizado no blog do ENE.<\/span><\/span><\/span><\/p>\n<p align=\"justify\">&nbsp;<\/p>\n<p align=\"justify\"><span style=\"font-size: medium;\"><a href=\"http:\/\/fasubra.org.br\/wp-content\/uploads\/2019\/04\/CARTA-DO-III-ENE.pdf\"><span style=\"color: #444444;\"><span style=\"font-family: Arial,sans-serif;\">Confira a CARTA aprovada durante o III ENE.<\/span><\/span><\/a><\/span><\/p>\n<p align=\"justify\">&nbsp;<\/p>\n<p align=\"justify\">&nbsp;<\/p>\n<p align=\"justify\"><span style=\"font-family: Arial, sans-serif;\"><span style=\"font-size: medium;\"><i>Imprensa Sintema com informa\u00e7\u00f5es do ENE.<\/i><\/span><\/span><\/p>\n","protected":false},"excerpt":{"rendered":"<p>O vice-presidente do Sintema, Jorge Mendes, participou do III Encontro Nacional de Educa\u00e7\u00e3o, no per\u00edodo de 12 a 14 de Abril. O sindicalista apresentou relat\u00f3rio de sua participa\u00e7\u00e3o no evento aos demais dirigentes sindicais durante Reuni\u00e3o da Diretoria do Sintema realizada na sede do sindicato, nesta ter\u00e7a-feira, dia 23. O encontro reuniu mais de 1200 [&hellip;]<\/p>\n","protected":false},"author":2,"featured_media":0,"comment_status":"open","ping_status":"open","sticky":false,"template":"","format":"standard","meta":[],"categories":[5,18],"tags":[],"_links":{"self":[{"href":"http:\/\/sintema.org.br\/sintema\/wp-json\/wp\/v2\/posts\/10526"}],"collection":[{"href":"http:\/\/sintema.org.br\/sintema\/wp-json\/wp\/v2\/posts"}],"about":[{"href":"http:\/\/sintema.org.br\/sintema\/wp-json\/wp\/v2\/types\/post"}],"author":[{"embeddable":true,"href":"http:\/\/sintema.org.br\/sintema\/wp-json\/wp\/v2\/users\/2"}],"replies":[{"embeddable":true,"href":"http:\/\/sintema.org.br\/sintema\/wp-json\/wp\/v2\/comments?post=10526"}],"version-history":[{"count":2,"href":"http:\/\/sintema.org.br\/sintema\/wp-json\/wp\/v2\/posts\/10526\/revisions"}],"predecessor-version":[{"id":10533,"href":"http:\/\/sintema.org.br\/sintema\/wp-json\/wp\/v2\/posts\/10526\/revisions\/10533"}],"wp:attachment":[{"href":"http:\/\/sintema.org.br\/sintema\/wp-json\/wp\/v2\/media?parent=10526"}],"wp:term":[{"taxonomy":"category","embeddable":true,"href":"http:\/\/sintema.org.br\/sintema\/wp-json\/wp\/v2\/categories?post=10526"},{"taxonomy":"post_tag","embeddable":true,"href":"http:\/\/sintema.org.br\/sintema\/wp-json\/wp\/v2\/tags?post=10526"}],"curies":[{"name":"wp","href":"https:\/\/api.w.org\/{rel}","templated":true}]}}