{"id":10599,"date":"2019-05-31T16:49:40","date_gmt":"2019-05-31T16:49:40","guid":{"rendered":"http:\/\/sintema.org.br\/sintema\/?p=10599"},"modified":"2019-05-31T16:54:17","modified_gmt":"2019-05-31T16:54:17","slug":"nota-sintema-repudia-declaracoes-do-ministro-da-educacao-sobre-as-manifestacoes-realizadas-nesta-quinta-feira-30","status":"publish","type":"post","link":"http:\/\/sintema.org.br\/sintema\/nota-sintema-repudia-declaracoes-do-ministro-da-educacao-sobre-as-manifestacoes-realizadas-nesta-quinta-feira-30\/","title":{"rendered":"NOTA | Sintema repudia declara\u00e7\u00f5es do ministro da Educa\u00e7\u00e3o sobre as manifesta\u00e7\u00f5es realizadas nesta quinta-feira (30)"},"content":{"rendered":"<p><a href=\"http:\/\/sintema.org.br\/sintema\/wp-content\/uploads\/2019\/05\/images-1.jpeg\"><img loading=\"lazy\" class=\"alignnone wp-image-10597\" src=\"http:\/\/sintema.org.br\/sintema\/wp-content\/uploads\/2019\/05\/images-1.jpeg\" alt=\"\" height=\"318\" width=\"455\"><\/a><\/p>\n<p><span style=\"font-family: Arial,sans-serif;\"><span style=\"font-size: medium;\"><span style=\"color: #000000;\">A Dire\u00e7\u00e3o do Sintema, gest\u00e3o \u201cSindicato \u00e9 pra Lutar\u201d, vem a p\u00fablico <strong>REPUDIAR<\/strong> as declara\u00e7\u00f5es do ministro da Educa\u00e7\u00e3o, Abraham Weintraub, proferidas nesta quinta-feira, 30, por meio de rede social, onde acusa o movimento de Defesa da Educa\u00e7\u00e3o P\u00fablica e contra os cortes de verbas, de<strong> \u201ccoagir e ame<\/strong><\/span><strong><span style=\"color: #000000;\">a<\/span><span style=\"color: #000000;\">\u00e7ar\u201d estudantes para participa\u00e7\u00e3o nos atos.<\/span><\/strong><\/span><\/span><\/p>\n<p>&nbsp;<\/p>\n<p><span style=\"font-family: Arial,sans-serif;\"><span style=\"font-size: medium;\"><strong><span style=\"color: #000000;\">No v\u00eddeo, o ministro acusa professores, <\/span><\/strong><span style=\"color: #000000;\"><strong>trabalhadores em educa\u00e7\u00e3o e servidores p\u00fablicos em geral, de coagir estudantes para os protestos realizados por milhares de pessoas nesta quinta.<\/strong> <\/span><\/span><\/span><\/p>\n<p>&nbsp;<\/p>\n<p><span style=\"font-family: Arial,sans-serif;\"><span style=\"font-size: medium;\"><span style=\"color: #000000;\">Para o Sintema, al\u00e9m de descabidas, as acusa\u00e7\u00f5es s\u00e3o graves e tentam intimidar os movimentos sociais e os estudantes brasileiros, que est\u00e3o nas ruas, em defesa da Educa\u00e7\u00e3o P\u00fablica e contra a Reforma da Previd\u00eancia.<\/span><\/span><\/span><\/p>\n<p>&nbsp;<\/p>\n<p><strong><span style=\"color: #000000;\">\u201c<span style=\"font-family: Arial,sans-serif;\"><span style=\"font-size: medium;\">O movimento em defesa da Educa\u00e7\u00e3o P\u00fablica<\/span><\/span><\/span><\/strong><span style=\"color: #000000;\"><span style=\"font-family: Arial,sans-serif;\"><strong>, gratuita, laica, de qualidade e socialmente referenciada vai continuar, at\u00e9 que os ataques cessem\u201d<\/strong>, frisa o presidente do Sintema, Ademar Sena de Carvalho.<\/span><\/span><\/p>\n<p>&nbsp;<\/p>\n<p><span style=\"font-family: Arial,sans-serif;\"><span style=\"font-size: medium;\"><span style=\"color: #000000;\">Veja o v\u00eddeo:<\/span><\/span><\/span><\/p>\n<p>&nbsp;<\/p>\n<p><iframe loading=\"lazy\" width=\"640\" height=\"360\" src=\"https:\/\/www.youtube.com\/embed\/GRyzcrNe6xE?feature=oembed\" frameborder=\"0\" allow=\"accelerometer; autoplay; encrypted-media; gyroscope; picture-in-picture\" allowfullscreen><\/iframe><\/p>\n<p>&nbsp;<\/p>\n","protected":false},"excerpt":{"rendered":"<p>A Dire\u00e7\u00e3o do Sintema, gest\u00e3o \u201cSindicato \u00e9 pra Lutar\u201d, vem a p\u00fablico REPUDIAR as declara\u00e7\u00f5es do ministro da Educa\u00e7\u00e3o, Abraham Weintraub, proferidas nesta quinta-feira, 30, por meio de rede social, onde acusa o movimento de Defesa da Educa\u00e7\u00e3o P\u00fablica e contra os cortes de verbas, de \u201ccoagir e amea\u00e7ar\u201d estudantes para participa\u00e7\u00e3o nos atos. &nbsp; [&hellip;]<\/p>\n","protected":false},"author":2,"featured_media":0,"comment_status":"open","ping_status":"open","sticky":false,"template":"","format":"standard","meta":[],"categories":[5],"tags":[],"_links":{"self":[{"href":"http:\/\/sintema.org.br\/sintema\/wp-json\/wp\/v2\/posts\/10599"}],"collection":[{"href":"http:\/\/sintema.org.br\/sintema\/wp-json\/wp\/v2\/posts"}],"about":[{"href":"http:\/\/sintema.org.br\/sintema\/wp-json\/wp\/v2\/types\/post"}],"author":[{"embeddable":true,"href":"http:\/\/sintema.org.br\/sintema\/wp-json\/wp\/v2\/users\/2"}],"replies":[{"embeddable":true,"href":"http:\/\/sintema.org.br\/sintema\/wp-json\/wp\/v2\/comments?post=10599"}],"version-history":[{"count":4,"href":"http:\/\/sintema.org.br\/sintema\/wp-json\/wp\/v2\/posts\/10599\/revisions"}],"predecessor-version":[{"id":10603,"href":"http:\/\/sintema.org.br\/sintema\/wp-json\/wp\/v2\/posts\/10599\/revisions\/10603"}],"wp:attachment":[{"href":"http:\/\/sintema.org.br\/sintema\/wp-json\/wp\/v2\/media?parent=10599"}],"wp:term":[{"taxonomy":"category","embeddable":true,"href":"http:\/\/sintema.org.br\/sintema\/wp-json\/wp\/v2\/categories?post=10599"},{"taxonomy":"post_tag","embeddable":true,"href":"http:\/\/sintema.org.br\/sintema\/wp-json\/wp\/v2\/tags?post=10599"}],"curies":[{"name":"wp","href":"https:\/\/api.w.org\/{rel}","templated":true}]}}