{"id":10810,"date":"2019-09-18T19:51:59","date_gmt":"2019-09-18T19:51:59","guid":{"rendered":"http:\/\/sintema.org.br\/sintema\/?p=10810"},"modified":"2019-09-18T19:51:59","modified_gmt":"2019-09-18T19:51:59","slug":"future-se-conselheiros-protocolam-pedido-de-autoconvocacao-do-conselho-universitario-consun","status":"publish","type":"post","link":"http:\/\/sintema.org.br\/sintema\/future-se-conselheiros-protocolam-pedido-de-autoconvocacao-do-conselho-universitario-consun\/","title":{"rendered":"FUTURE-SE | Conselheiros protocolam pedido de autoconvoca\u00e7\u00e3o do Conselho Universit\u00e1rio &#8211; CONSUN"},"content":{"rendered":"<p>Conselheiros do CONSUN &#8211; Conselho Universit\u00e1rio protocolaram nesta ter\u00e7a-feira, 17, pedido de autoconvoca\u00e7\u00e3o do CONSUN para debater e aprovar posicionamento a respeito do projeto FUTURE-SE.<\/p>\n<p>O vice-presidente do SINTEMA, Jorge Mendes, que \u00e9 conselheiro, participou do ato de entrega do pedido com demais conselheiros e sindicalistas.<\/p>\n<p><a href=\"http:\/\/sintema.org.br\/sintema\/wp-content\/uploads\/2019\/09\/consun.jpeg\"><img loading=\"lazy\" class=\"alignnone  wp-image-10811\" src=\"http:\/\/sintema.org.br\/sintema\/wp-content\/uploads\/2019\/09\/consun.jpeg\" alt=\"\" width=\"494\" height=\"370\" srcset=\"http:\/\/sintema.org.br\/sintema\/wp-content\/uploads\/2019\/09\/consun.jpeg 555w, http:\/\/sintema.org.br\/sintema\/wp-content\/uploads\/2019\/09\/consun-300x225.jpeg 300w\" sizes=\"(max-width: 494px) 100vw, 494px\" \/><\/a><\/p>\n","protected":false},"excerpt":{"rendered":"<p>Conselheiros do CONSUN &#8211; Conselho Universit\u00e1rio protocolaram nesta ter\u00e7a-feira, 17, pedido de autoconvoca\u00e7\u00e3o do CONSUN para debater e aprovar posicionamento a respeito do projeto FUTURE-SE. O vice-presidente do SINTEMA, Jorge Mendes, que \u00e9 conselheiro, participou do ato de entrega do pedido com demais conselheiros e sindicalistas.<\/p>\n","protected":false},"author":2,"featured_media":0,"comment_status":"open","ping_status":"open","sticky":false,"template":"","format":"standard","meta":[],"categories":[5],"tags":[],"_links":{"self":[{"href":"http:\/\/sintema.org.br\/sintema\/wp-json\/wp\/v2\/posts\/10810"}],"collection":[{"href":"http:\/\/sintema.org.br\/sintema\/wp-json\/wp\/v2\/posts"}],"about":[{"href":"http:\/\/sintema.org.br\/sintema\/wp-json\/wp\/v2\/types\/post"}],"author":[{"embeddable":true,"href":"http:\/\/sintema.org.br\/sintema\/wp-json\/wp\/v2\/users\/2"}],"replies":[{"embeddable":true,"href":"http:\/\/sintema.org.br\/sintema\/wp-json\/wp\/v2\/comments?post=10810"}],"version-history":[{"count":1,"href":"http:\/\/sintema.org.br\/sintema\/wp-json\/wp\/v2\/posts\/10810\/revisions"}],"predecessor-version":[{"id":10812,"href":"http:\/\/sintema.org.br\/sintema\/wp-json\/wp\/v2\/posts\/10810\/revisions\/10812"}],"wp:attachment":[{"href":"http:\/\/sintema.org.br\/sintema\/wp-json\/wp\/v2\/media?parent=10810"}],"wp:term":[{"taxonomy":"category","embeddable":true,"href":"http:\/\/sintema.org.br\/sintema\/wp-json\/wp\/v2\/categories?post=10810"},{"taxonomy":"post_tag","embeddable":true,"href":"http:\/\/sintema.org.br\/sintema\/wp-json\/wp\/v2\/tags?post=10810"}],"curies":[{"name":"wp","href":"https:\/\/api.w.org\/{rel}","templated":true}]}}