{"id":10836,"date":"2019-10-01T17:21:17","date_gmt":"2019-10-01T17:21:17","guid":{"rendered":"http:\/\/sintema.org.br\/sintema\/?p=10836"},"modified":"2019-10-01T17:21:17","modified_gmt":"2019-10-01T17:21:17","slug":"nacional-entidades-sindicais-fazem-novas-denuncias-a-oit","status":"publish","type":"post","link":"http:\/\/sintema.org.br\/sintema\/nacional-entidades-sindicais-fazem-novas-denuncias-a-oit\/","title":{"rendered":"NACIONAL | Entidades Sindicais fazem novas den\u00fancias \u00e0 OIT"},"content":{"rendered":"<p><a href=\"http:\/\/sintema.org.br\/sintema\/wp-content\/uploads\/2019\/10\/WhatsApp-Image-2019-09-26-at-23.17.21-1-702x459.jpeg\"><img loading=\"lazy\" class=\"alignnone  wp-image-10837\" src=\"http:\/\/sintema.org.br\/sintema\/wp-content\/uploads\/2019\/10\/WhatsApp-Image-2019-09-26-at-23.17.21-1-702x459.jpeg\" alt=\"\" width=\"466\" height=\"305\" srcset=\"http:\/\/sintema.org.br\/sintema\/wp-content\/uploads\/2019\/10\/WhatsApp-Image-2019-09-26-at-23.17.21-1-702x459.jpeg 702w, http:\/\/sintema.org.br\/sintema\/wp-content\/uploads\/2019\/10\/WhatsApp-Image-2019-09-26-at-23.17.21-1-702x459-300x196.jpeg 300w\" sizes=\"(max-width: 466px) 100vw, 466px\" \/><\/a><\/p>\n<p>A FASUBRA Sindical e mais nove entidades sindicais reuniram-se na manh\u00e3 desta quinta-feira (26) com o diretor da OIT (Organiza\u00e7\u00e3o Internacional do Trabalho) no Brasil, Martin Hahn, na sede da organiza\u00e7\u00e3o em Bras\u00edlia\/DF, para apurar o desdobramento da den\u00fancia, realizada em 12 de outubro de 2018, com base na Conven\u00e7\u00e3o 151 da OIT que assegura aos trabalhadores do servi\u00e7o p\u00fablico o direito \u00e0 negocia\u00e7\u00e3o coletiva e \u00e0 liberdade sindical. As entidades tamb\u00e9m protocolaram novas queixas de pr\u00e1ticas antissindicais e desrespeito aos trabalhadores(as). Pela FASUBRA estavam presentes os coordenadores Helder de Castro Bernardes Barbosa, Melissa Elaine Campos e Ana Paula Azevedo.<\/p>\n<p>O diretor afirmou que iria verificar os tr\u00e2mites da den\u00fancia de descumprimento da Conven\u00e7\u00e3o 151 e daria um retorno \u00e0s entidades. Ele complementou que o governo brasileiro foi notificado. Diversas den\u00fancias contra os governos federal, estaduais e municipais, al\u00e9m das relativas aos trabalhadores(as) do Poder Judici\u00e1rio e persegui\u00e7\u00f5es a dirigentes sindicais foram protocoladas na ocasi\u00e3o. Hahn informou que o diretor-geral da OIT, Guy Ryder, deve visitar o Brasil em breve e ele ir\u00e1 acompanhar todas as queixas apresentadas e perspectivas compartilhadas pelas entidades.<\/p>\n<p>O coordenador da FASUBRA Helder Barbosa denunciou que h\u00e1 nove meses a Federa\u00e7\u00e3o protocola of\u00edcios no MEC solicitando audi\u00eancia para discutir a pauta da categoria dos servidores t\u00e9cnico-administrativos em educa\u00e7\u00e3o das universidades p\u00fablicas e o MEC sequer responde aos of\u00edcios.<\/p>\n<p>Denunciou tamb\u00e9m o corte de ponto de dirigentes sindicais que se afastaram para participarem de atividades na representa\u00e7\u00e3o sindical, inclusive dirigente da Federa\u00e7\u00e3o que teve o ponto cortado com o corte de sal\u00e1rio por comparecer a confer\u00eancia da ISP em Buenos Aires.<\/p>\n<p>Helder destacou ainda a tentativa de asfixia financeira das entidades sindicais pelo n\u00e3o desconto das contribui\u00e7\u00f5es dos filiados em folha e a nomea\u00e7\u00e3o de interventores nas universidades de candidatos que n\u00e3o venceram as elei\u00e7\u00f5es da comunidade universit\u00e1ria.<\/p>\n<p>A coordenadora Ana Paula Azevedo falou que a pr\u00e1tica antissindical nos hospitais se acirrou a partir da greve de 2014, quando a EBSERH impediu, por meio de norma publicada em seu boletim interno, que os sindicatos fizessem reuni\u00f5es mobilizadoras e colocassem faixas nas depend\u00eancias dos hospitais, chamando a categoria para a luta. A atividade sindical foi garantida por meio de liminares. Atualmente, em nome da higiene, os sindicatos s\u00f3 podem fazer mobiliza\u00e7\u00f5es em espa\u00e7os espec\u00edficos aprovados previamente pela empresa.<\/p>\n<p>A visita foi articulada pela ISP (Internacional de Servi\u00e7os P\u00fablicos), entidade a qual a FASUBRA \u00e9 filiada. Al\u00e9m da Federa\u00e7\u00e3o e da ISP, estavam presentes representantes do SINSJUSTO (Sindicatos dos Servidores da Justi\u00e7a do Estado de Tocantins), SINDJUSTI\u00c7A-CE (Sindicato dos Servidores do Poder Judici\u00e1rio do Cear\u00e1),FENAJUD (Federa\u00e7\u00e3o Nacional dos Trabalhadores do Judici\u00e1rio nos Estados), SINDJUS-MA (Sindicato dos Servidores do Judici\u00e1rio do Estado do Maranh\u00e3o), SERJUSMIG (Sindicato dos Servidores do Judici\u00e1rio de Minas Gerais), CONFETAM (Confedera\u00e7\u00e3o dos Trabalhadores do Servi\u00e7o P\u00fablico Municipal), CONTRAM (Confedera\u00e7\u00e3o dos Trabalhadores do Servi\u00e7o P\u00fablico Municipal das Am\u00e9ricas) e CNTSS (Confedera\u00e7\u00e3o Nacional dos Trabalhadores em Seguridade Social).<\/p>\n<p><em>Foto: FENAJUD<\/em><\/p>\n","protected":false},"excerpt":{"rendered":"<p>A FASUBRA Sindical e mais nove entidades sindicais reuniram-se na manh\u00e3 desta quinta-feira (26) com o diretor da OIT (Organiza\u00e7\u00e3o Internacional do Trabalho) no Brasil, Martin Hahn, na sede da organiza\u00e7\u00e3o em Bras\u00edlia\/DF, para apurar o desdobramento da den\u00fancia, realizada em 12 de outubro de 2018, com base na Conven\u00e7\u00e3o 151 da OIT que assegura [&hellip;]<\/p>\n","protected":false},"author":2,"featured_media":0,"comment_status":"open","ping_status":"open","sticky":false,"template":"","format":"standard","meta":[],"categories":[5,18],"tags":[],"_links":{"self":[{"href":"http:\/\/sintema.org.br\/sintema\/wp-json\/wp\/v2\/posts\/10836"}],"collection":[{"href":"http:\/\/sintema.org.br\/sintema\/wp-json\/wp\/v2\/posts"}],"about":[{"href":"http:\/\/sintema.org.br\/sintema\/wp-json\/wp\/v2\/types\/post"}],"author":[{"embeddable":true,"href":"http:\/\/sintema.org.br\/sintema\/wp-json\/wp\/v2\/users\/2"}],"replies":[{"embeddable":true,"href":"http:\/\/sintema.org.br\/sintema\/wp-json\/wp\/v2\/comments?post=10836"}],"version-history":[{"count":1,"href":"http:\/\/sintema.org.br\/sintema\/wp-json\/wp\/v2\/posts\/10836\/revisions"}],"predecessor-version":[{"id":10838,"href":"http:\/\/sintema.org.br\/sintema\/wp-json\/wp\/v2\/posts\/10836\/revisions\/10838"}],"wp:attachment":[{"href":"http:\/\/sintema.org.br\/sintema\/wp-json\/wp\/v2\/media?parent=10836"}],"wp:term":[{"taxonomy":"category","embeddable":true,"href":"http:\/\/sintema.org.br\/sintema\/wp-json\/wp\/v2\/categories?post=10836"},{"taxonomy":"post_tag","embeddable":true,"href":"http:\/\/sintema.org.br\/sintema\/wp-json\/wp\/v2\/tags?post=10836"}],"curies":[{"name":"wp","href":"https:\/\/api.w.org\/{rel}","templated":true}]}}