{"id":10916,"date":"2019-11-29T14:10:29","date_gmt":"2019-11-29T14:10:29","guid":{"rendered":"http:\/\/sintema.org.br\/sintema\/?p=10916"},"modified":"2019-11-29T14:17:30","modified_gmt":"2019-11-29T14:17:30","slug":"convite-unegro-realiza-congresso-neste-sabado-30-no-convento-das-merces","status":"publish","type":"post","link":"http:\/\/sintema.org.br\/sintema\/convite-unegro-realiza-congresso-neste-sabado-30-no-convento-das-merces\/","title":{"rendered":"CONVITE | UNEGRO realiza congresso neste s\u00e1bado (30) no Convento das Merc\u00eas"},"content":{"rendered":"<p><a href=\"http:\/\/sintema.org.br\/sintema\/wp-content\/uploads\/2019\/11\/IMG-20191129-WA0002.jpg\"><img loading=\"lazy\" class=\"alignnone  wp-image-10919\" src=\"http:\/\/sintema.org.br\/sintema\/wp-content\/uploads\/2019\/11\/IMG-20191129-WA0002-1024x683.jpg\" alt=\"\" width=\"435\" height=\"290\"><\/a><\/p>\n<p>A Uni\u00e3o de Negros e Negras pela Igualdade realiza neste s\u00e1bado, dia 30 de novembro, das 8 \u00e0s 17h, no Convento das Merc\u00eas, em S\u00e3o Lu\u00eds, o 3\u00ba Congresso da UNEGRO. O tema desse ano \u00e9 \u201cNegras e Negros em Defesa da Democracia: sem preconceito de origem, ra\u00e7a, sexo, cor, idade e quaisquer outras formas de discrimina\u00e7\u00e3o\u201d.<\/p>\n<p>Mariano Azevedo, integrante da UNEGRO e dirigente do SINTEMA, explica que \u00e9 nesse contexto que a uni\u00e3o vem dando as respostas para os desmandos do atual desgoverno do pa\u00eds. \u201cContudo \u00e9 necess\u00e1rio renovar as nossas \u2018baterias\u2019 da nossa coordena\u00e7\u00e3o estadual fortalecendo as nossas mulheres negras que por sua vez est\u00e3o realizando uma excelente participa\u00e7\u00e3o nos espa\u00e7os de luta\u201d, ressalta.<\/p>\n<p>\u201cConvidamos os integrantes dos movimentos sociais para participar desse congresso, que visa fortalecer tamb\u00e9m a luta dos trabalhadores\u201d, aponta Mariano.<\/p>\n<p>Na programa\u00e7\u00e3o, um painel com o tema O que \u00e9 a UNEGRO? &#8211; Sua Miss\u00e3o, estrutura interna e conquistas; a mesa redonda \u201cO cen\u00e1rio pol\u00edtico atual e os desafios na luta pela igualdade; al\u00e9m de um balan\u00e7o das atividades da \u00faltima gest\u00e3o, e programa\u00e7\u00e3o cultural.<\/p>\n<p><a href=\"http:\/\/sintema.org.br\/sintema\/wp-content\/uploads\/2019\/11\/IMG-20191129-WA0001.jpg\"><img loading=\"lazy\" class=\"alignnone  wp-image-10918\" src=\"http:\/\/sintema.org.br\/sintema\/wp-content\/uploads\/2019\/11\/IMG-20191129-WA0001-1024x720.jpg\" alt=\"\" width=\"481\" height=\"338\"><\/a><\/p>\n<p>Imprensa Sintema.<\/p>\n","protected":false},"excerpt":{"rendered":"<p>A Uni\u00e3o de Negros e Negras pela Igualdade realiza neste s\u00e1bado, dia 30 de novembro, das 8 \u00e0s 17h, no Convento das Merc\u00eas, em S\u00e3o Lu\u00eds, o 3\u00ba Congresso da UNEGRO. O tema desse ano \u00e9 \u201cNegras e Negros em Defesa da Democracia: sem preconceito de origem, ra\u00e7a, sexo, cor, idade e quaisquer outras formas [&hellip;]<\/p>\n","protected":false},"author":2,"featured_media":0,"comment_status":"open","ping_status":"open","sticky":false,"template":"","format":"standard","meta":[],"categories":[12,5],"tags":[],"_links":{"self":[{"href":"http:\/\/sintema.org.br\/sintema\/wp-json\/wp\/v2\/posts\/10916"}],"collection":[{"href":"http:\/\/sintema.org.br\/sintema\/wp-json\/wp\/v2\/posts"}],"about":[{"href":"http:\/\/sintema.org.br\/sintema\/wp-json\/wp\/v2\/types\/post"}],"author":[{"embeddable":true,"href":"http:\/\/sintema.org.br\/sintema\/wp-json\/wp\/v2\/users\/2"}],"replies":[{"embeddable":true,"href":"http:\/\/sintema.org.br\/sintema\/wp-json\/wp\/v2\/comments?post=10916"}],"version-history":[{"count":2,"href":"http:\/\/sintema.org.br\/sintema\/wp-json\/wp\/v2\/posts\/10916\/revisions"}],"predecessor-version":[{"id":10920,"href":"http:\/\/sintema.org.br\/sintema\/wp-json\/wp\/v2\/posts\/10916\/revisions\/10920"}],"wp:attachment":[{"href":"http:\/\/sintema.org.br\/sintema\/wp-json\/wp\/v2\/media?parent=10916"}],"wp:term":[{"taxonomy":"category","embeddable":true,"href":"http:\/\/sintema.org.br\/sintema\/wp-json\/wp\/v2\/categories?post=10916"},{"taxonomy":"post_tag","embeddable":true,"href":"http:\/\/sintema.org.br\/sintema\/wp-json\/wp\/v2\/tags?post=10916"}],"curies":[{"name":"wp","href":"https:\/\/api.w.org\/{rel}","templated":true}]}}