{"id":11053,"date":"2020-04-07T22:02:36","date_gmt":"2020-04-07T22:02:36","guid":{"rendered":"http:\/\/sintema.org.br\/sintema\/?p=11053"},"modified":"2020-04-07T22:04:18","modified_gmt":"2020-04-07T22:04:18","slug":"pesar-sintema-lamenta-falecimento-da-genitora-da-associada-dinora-lavras","status":"publish","type":"post","link":"http:\/\/sintema.org.br\/sintema\/pesar-sintema-lamenta-falecimento-da-genitora-da-associada-dinora-lavras\/","title":{"rendered":"PESAR | Sintema lamenta falecimento da genitora da associada Dinor\u00e1 Lavra"},"content":{"rendered":"<p><a href=\"http:\/\/sintema.org.br\/sintema\/wp-content\/uploads\/2017\/09\/nota-de-falecimento-800.jpg\"><img loading=\"lazy\" class=\"alignnone wp-image-9065\" src=\"http:\/\/sintema.org.br\/sintema\/wp-content\/uploads\/2017\/09\/nota-de-falecimento-800.jpg\" alt=\"\" width=\"407\" height=\"254\" srcset=\"http:\/\/sintema.org.br\/sintema\/wp-content\/uploads\/2017\/09\/nota-de-falecimento-800.jpg 800w, http:\/\/sintema.org.br\/sintema\/wp-content\/uploads\/2017\/09\/nota-de-falecimento-800-300x188.jpg 300w, http:\/\/sintema.org.br\/sintema\/wp-content\/uploads\/2017\/09\/nota-de-falecimento-800-768x480.jpg 768w\" sizes=\"(max-width: 407px) 100vw, 407px\" \/><\/a><\/p>\n<p>\u00c9 com imenso pesar, que a diretoria do Sintema comunica a toda categoria o falecimento da genitora associada Dinor\u00e1 de Jesus Azevedo Lavra, a senhora&nbsp;<b>LOUREN\u00c7A AZEVEDO LAVRA<\/b>&nbsp;\u2013 ocorrido na manh\u00e3 desta ter\u00e7a-feira, 7 de abril de 2020.<\/p>\n<p>Toda a Dire\u00e7\u00e3o do Sindicato lamenta e se solidariza com a fam\u00edlia, enlutada neste momento de dor.<\/p>\n<p>&nbsp;<\/p>\n<p>Imprensa Sintema.<\/p>\n","protected":false},"excerpt":{"rendered":"<p>\u00c9 com imenso pesar, que a diretoria do Sintema comunica a toda categoria o falecimento da genitora associada Dinor\u00e1 de Jesus Azevedo Lavra, a senhora&nbsp;LOUREN\u00c7A AZEVEDO LAVRA&nbsp;\u2013 ocorrido na manh\u00e3 desta ter\u00e7a-feira, 7 de abril de 2020. Toda a Dire\u00e7\u00e3o do Sindicato lamenta e se solidariza com a fam\u00edlia, enlutada neste momento de dor. &nbsp; [&hellip;]<\/p>\n","protected":false},"author":2,"featured_media":0,"comment_status":"open","ping_status":"open","sticky":false,"template":"","format":"standard","meta":[],"categories":[5,8],"tags":[],"_links":{"self":[{"href":"http:\/\/sintema.org.br\/sintema\/wp-json\/wp\/v2\/posts\/11053"}],"collection":[{"href":"http:\/\/sintema.org.br\/sintema\/wp-json\/wp\/v2\/posts"}],"about":[{"href":"http:\/\/sintema.org.br\/sintema\/wp-json\/wp\/v2\/types\/post"}],"author":[{"embeddable":true,"href":"http:\/\/sintema.org.br\/sintema\/wp-json\/wp\/v2\/users\/2"}],"replies":[{"embeddable":true,"href":"http:\/\/sintema.org.br\/sintema\/wp-json\/wp\/v2\/comments?post=11053"}],"version-history":[{"count":4,"href":"http:\/\/sintema.org.br\/sintema\/wp-json\/wp\/v2\/posts\/11053\/revisions"}],"predecessor-version":[{"id":11057,"href":"http:\/\/sintema.org.br\/sintema\/wp-json\/wp\/v2\/posts\/11053\/revisions\/11057"}],"wp:attachment":[{"href":"http:\/\/sintema.org.br\/sintema\/wp-json\/wp\/v2\/media?parent=11053"}],"wp:term":[{"taxonomy":"category","embeddable":true,"href":"http:\/\/sintema.org.br\/sintema\/wp-json\/wp\/v2\/categories?post=11053"},{"taxonomy":"post_tag","embeddable":true,"href":"http:\/\/sintema.org.br\/sintema\/wp-json\/wp\/v2\/tags?post=11053"}],"curies":[{"name":"wp","href":"https:\/\/api.w.org\/{rel}","templated":true}]}}