{"id":11235,"date":"2020-07-10T00:17:00","date_gmt":"2020-07-10T00:17:00","guid":{"rendered":"http:\/\/sintema.org.br\/sintema\/?p=11235"},"modified":"2020-07-10T00:17:00","modified_gmt":"2020-07-10T00:17:00","slug":"comunicado-recadastramento-anual-de-aposentados-e-pensionistas-esta-suspenso-ate-30-de-setembro","status":"publish","type":"post","link":"http:\/\/sintema.org.br\/sintema\/comunicado-recadastramento-anual-de-aposentados-e-pensionistas-esta-suspenso-ate-30-de-setembro\/","title":{"rendered":"COMUNICADO | Recadastramento anual de aposentados e pensionistas est\u00e1 suspenso at\u00e9 30 de setembro"},"content":{"rendered":"<div dir=\"ltr\">\n<div class=\"gmail_quote\">\n<div dir=\"ltr\">\n<div>\n<p><a href=\"http:\/\/sintema.org.br\/sintema\/wp-content\/uploads\/2015\/10\/COMUNICADO.jpg\"><img loading=\"lazy\" class=\"alignnone size-full wp-image-6762\" src=\"http:\/\/sintema.org.br\/sintema\/wp-content\/uploads\/2015\/10\/COMUNICADO.jpg\" alt=\"\" width=\"300\" height=\"225\"><\/a><\/p>\n<p>A Pr\u00f3-Reitoria de Gest\u00e3o de Pessoas da UFMA (PROGEP) informa que devido \u00e0s medidas de prote\u00e7\u00e3o para enfrentamento da emerg\u00eancia de sa\u00fade p\u00fablica de import\u00e2ncia internacional decorrente da COVID-19, o Minist\u00e9rio da Economia publicou no Di\u00e1rio Oficial do Uni\u00e3o, desta quarta-feira, 8, a Instru\u00e7\u00e3o Normativa n\u00ba 52, que prorroga, at\u00e9 30 de setembro de 2020, a suspens\u00e3o da exig\u00eancia de recadastramento anual de aposentados, pensionistas e anistiados pol\u00edticos civis. Essa suspens\u00e3o n\u00e3o afeta a percep\u00e7\u00e3o de proventos ou pens\u00f5es pelos benefici\u00e1rios.<\/p>\n<p>&nbsp;<\/p>\n<p>Para saber mais, acesse a&nbsp;<a href=\"http:\/\/www.in.gov.br\/en\/web\/dou\/-\/instrucao-normativa-n-52-de-6-de-julho-de-2020-265630353\" target=\"_blank\" rel=\"noopener\"><strong>instru\u00e7\u00e3o normativa<\/strong><\/a>.<\/p>\n<p>&nbsp;<\/p>\n<p><em><strong>Fonte: UFMA.<\/strong><\/em><\/p>\n<\/div>\n<\/div>\n<\/div>\n<\/div>\n","protected":false},"excerpt":{"rendered":"<p>A Pr\u00f3-Reitoria de Gest\u00e3o de Pessoas da UFMA (PROGEP) informa que devido \u00e0s medidas de prote\u00e7\u00e3o para enfrentamento da emerg\u00eancia de sa\u00fade p\u00fablica de import\u00e2ncia internacional decorrente da COVID-19, o Minist\u00e9rio da Economia publicou no Di\u00e1rio Oficial do Uni\u00e3o, desta quarta-feira, 8, a Instru\u00e7\u00e3o Normativa n\u00ba 52, que prorroga, at\u00e9 30 de setembro de 2020, [&hellip;]<\/p>\n","protected":false},"author":2,"featured_media":0,"comment_status":"open","ping_status":"open","sticky":false,"template":"","format":"standard","meta":[],"categories":[5],"tags":[],"_links":{"self":[{"href":"http:\/\/sintema.org.br\/sintema\/wp-json\/wp\/v2\/posts\/11235"}],"collection":[{"href":"http:\/\/sintema.org.br\/sintema\/wp-json\/wp\/v2\/posts"}],"about":[{"href":"http:\/\/sintema.org.br\/sintema\/wp-json\/wp\/v2\/types\/post"}],"author":[{"embeddable":true,"href":"http:\/\/sintema.org.br\/sintema\/wp-json\/wp\/v2\/users\/2"}],"replies":[{"embeddable":true,"href":"http:\/\/sintema.org.br\/sintema\/wp-json\/wp\/v2\/comments?post=11235"}],"version-history":[{"count":1,"href":"http:\/\/sintema.org.br\/sintema\/wp-json\/wp\/v2\/posts\/11235\/revisions"}],"predecessor-version":[{"id":11236,"href":"http:\/\/sintema.org.br\/sintema\/wp-json\/wp\/v2\/posts\/11235\/revisions\/11236"}],"wp:attachment":[{"href":"http:\/\/sintema.org.br\/sintema\/wp-json\/wp\/v2\/media?parent=11235"}],"wp:term":[{"taxonomy":"category","embeddable":true,"href":"http:\/\/sintema.org.br\/sintema\/wp-json\/wp\/v2\/categories?post=11235"},{"taxonomy":"post_tag","embeddable":true,"href":"http:\/\/sintema.org.br\/sintema\/wp-json\/wp\/v2\/tags?post=11235"}],"curies":[{"name":"wp","href":"https:\/\/api.w.org\/{rel}","templated":true}]}}