{"id":11390,"date":"2020-12-09T16:11:46","date_gmt":"2020-12-09T16:11:46","guid":{"rendered":"http:\/\/sintema.org.br\/sintema\/?p=11390"},"modified":"2020-12-09T16:12:58","modified_gmt":"2020-12-09T16:12:58","slug":"pesar-sintema-comunica-falecimento-do-associado-jose-ribamar-frazao","status":"publish","type":"post","link":"http:\/\/sintema.org.br\/sintema\/pesar-sintema-comunica-falecimento-do-associado-jose-ribamar-frazao\/","title":{"rendered":"PESAR | Sintema comunica falecimento do associado Jos\u00e9 Ribamar Fraz\u00e3o"},"content":{"rendered":"<p><a href=\"http:\/\/sintema.org.br\/sintema\/wp-content\/uploads\/2020\/12\/WhatsApp-Image-2020-12-09-at-10.35.21.jpeg\"><img loading=\"lazy\" class=\"alignnone wp-image-11391\" src=\"http:\/\/sintema.org.br\/sintema\/wp-content\/uploads\/2020\/12\/WhatsApp-Image-2020-12-09-at-10.35.21.jpeg\" alt=\"\" width=\"333\" height=\"444\" srcset=\"http:\/\/sintema.org.br\/sintema\/wp-content\/uploads\/2020\/12\/WhatsApp-Image-2020-12-09-at-10.35.21.jpeg 720w, http:\/\/sintema.org.br\/sintema\/wp-content\/uploads\/2020\/12\/WhatsApp-Image-2020-12-09-at-10.35.21-225x300.jpeg 225w\" sizes=\"(max-width: 333px) 100vw, 333px\" \/><\/a><\/p>\n<pre><em><span style=\"color: #000000;\"><span style=\"font-family: Arial, sans-serif;\"><span style=\"font-size: medium;\">\u00c9 com imenso pesar, que a diretoria do Sintema comunica a toda categoria o falecimento do associado <\/span><\/span><\/span><span style=\"color: #000000;\"><span style=\"font-family: Arial, sans-serif;\"><span style=\"font-size: medium;\"><b>JOS\u00c9 RIBAMAR FRAZ\u00c3O<\/b><\/span><\/span><\/span><span style=\"color: #000000;\"><span style=\"font-family: Arial, sans-serif;\"><span style=\"font-size: medium;\"> \u2013 ocorrido <\/span><\/span><\/span><span style=\"color: #000000;\"><span style=\"font-family: Arial, sans-serif;\"><span style=\"font-size: medium;\">nesta quarta<\/span><\/span><\/span><span style=\"color: #000000;\"><span style=\"font-family: Arial, sans-serif;\"><span style=\"font-size: medium;\">-feira, dia <\/span><\/span><\/span><span style=\"color: #000000;\"><span style=\"font-family: Arial, sans-serif;\"><span style=\"font-size: medium;\">9<\/span><\/span><\/span><span style=\"color: #000000;\"><span style=\"font-family: Arial, sans-serif;\"><span style=\"font-size: medium;\"> de <\/span><\/span><\/span><span style=\"color: #000000;\"><span style=\"font-family: Arial, sans-serif;\"><span style=\"font-size: medium;\">dezembro<\/span><\/span><\/span><span style=\"color: #000000;\"><span style=\"font-family: Arial, sans-serif;\"><span style=\"font-size: medium;\"> de 2020. <\/span><\/span><\/span><span style=\"color: #000000;\"><span style=\"font-family: Arial, sans-serif;\"><span style=\"font-size: medium;\">Fraz\u00e3o, como era conhecido, j\u00e1 aposentado, foi <\/span><\/span><\/span><span style=\"color: #000000;\"><span style=\"font-family: 'Helvetica Neue', Helvetica, Arial, sans-serif;\"><span style=\"font-size: small;\">operador de \u00e1udio da R\u00e1dio Universidade 106,9 por v\u00e1rios anos.<\/span><\/span><\/span><\/em>\r\n\r\n<em><span style=\"color: #000000;\"><span style=\"font-family: Arial, sans-serif;\"><span style=\"font-size: medium;\">O<\/span><\/span><\/span><span style=\"color: #000000;\"><span style=\"font-family: Arial, sans-serif;\"><span style=\"font-size: medium;\"> corpo <\/span><\/span><\/span><span style=\"color: #000000;\"><span style=\"font-family: Arial, sans-serif;\"><span style=\"font-size: medium;\">ser\u00e1 sepultado no Cemit\u00e9rio Jardim da Paz, \u00e0s 17h, localizado na Estrada de<\/span><\/span><\/span><span style=\"color: #000000;\"><span style=\"font-family: Arial, sans-serif;\"><span style=\"font-size: medium;\"> S\u00e3o Jos\u00e9 de Ribamar \u2013 MA.<\/span><\/span><\/span><\/em>\r\n\r\n<span style=\"font-size: medium;\"><em><span style=\"color: #000000;\"><span style=\"font-family: Arial, sans-serif;\">Toda a Dire\u00e7\u00e3o do Sindicato lamenta e se solidariza com a fam\u00edlia, enlutada neste momento de dor.<\/span><\/span><\/em><\/span>\r\n\r\n<em><span style=\"color: #000000;\">\u2014<\/span><\/em>\r\n\r\n<span style=\"font-size: medium;\"><em><span style=\"color: #000000;\"><span style=\"font-family: Arial, sans-serif;\">Imprensa Sintema.<\/span><\/span><\/em><\/span><\/pre>\n","protected":false},"excerpt":{"rendered":"<p>\u00c9 com imenso pesar, que a diretoria do Sintema comunica a toda categoria o falecimento do associado JOS\u00c9 RIBAMAR FRAZ\u00c3O \u2013 ocorrido nesta quarta-feira, dia 9 de dezembro de 2020. Fraz\u00e3o, como era conhecido, j\u00e1 aposentado, foi operador de \u00e1udio da R\u00e1dio Universidade 106,9 por v\u00e1rios anos. O corpo ser\u00e1 sepultado no Cemit\u00e9rio Jardim da [&hellip;]<\/p>\n","protected":false},"author":2,"featured_media":0,"comment_status":"open","ping_status":"open","sticky":false,"template":"","format":"standard","meta":[],"categories":[5,8],"tags":[],"_links":{"self":[{"href":"http:\/\/sintema.org.br\/sintema\/wp-json\/wp\/v2\/posts\/11390"}],"collection":[{"href":"http:\/\/sintema.org.br\/sintema\/wp-json\/wp\/v2\/posts"}],"about":[{"href":"http:\/\/sintema.org.br\/sintema\/wp-json\/wp\/v2\/types\/post"}],"author":[{"embeddable":true,"href":"http:\/\/sintema.org.br\/sintema\/wp-json\/wp\/v2\/users\/2"}],"replies":[{"embeddable":true,"href":"http:\/\/sintema.org.br\/sintema\/wp-json\/wp\/v2\/comments?post=11390"}],"version-history":[{"count":2,"href":"http:\/\/sintema.org.br\/sintema\/wp-json\/wp\/v2\/posts\/11390\/revisions"}],"predecessor-version":[{"id":11393,"href":"http:\/\/sintema.org.br\/sintema\/wp-json\/wp\/v2\/posts\/11390\/revisions\/11393"}],"wp:attachment":[{"href":"http:\/\/sintema.org.br\/sintema\/wp-json\/wp\/v2\/media?parent=11390"}],"wp:term":[{"taxonomy":"category","embeddable":true,"href":"http:\/\/sintema.org.br\/sintema\/wp-json\/wp\/v2\/categories?post=11390"},{"taxonomy":"post_tag","embeddable":true,"href":"http:\/\/sintema.org.br\/sintema\/wp-json\/wp\/v2\/tags?post=11390"}],"curies":[{"name":"wp","href":"https:\/\/api.w.org\/{rel}","templated":true}]}}