{"id":11437,"date":"2021-01-21T22:31:39","date_gmt":"2021-01-21T22:31:39","guid":{"rendered":"http:\/\/sintema.org.br\/sintema\/?p=11437"},"modified":"2021-01-22T20:05:31","modified_gmt":"2021-01-22T20:05:31","slug":"juridico-do-sintema-suspende-expediente-nesta-sexta-22","status":"publish","type":"post","link":"http:\/\/sintema.org.br\/sintema\/juridico-do-sintema-suspende-expediente-nesta-sexta-22\/","title":{"rendered":"Assessoria Jur\u00eddica do Sintema suspende expediente nesta sexta (22)"},"content":{"rendered":"<p><a href=\"http:\/\/sintema.org.br\/sintema\/wp-content\/uploads\/2016\/03\/comunicado.jpg\"><img loading=\"lazy\" class=\"alignnone wp-image-7229\" src=\"http:\/\/sintema.org.br\/sintema\/wp-content\/uploads\/2016\/03\/comunicado-1024x576.jpg\" alt=\"\" width=\"501\" height=\"282\" srcset=\"http:\/\/sintema.org.br\/sintema\/wp-content\/uploads\/2016\/03\/comunicado-1024x576.jpg 1024w, http:\/\/sintema.org.br\/sintema\/wp-content\/uploads\/2016\/03\/comunicado-300x168.jpg 300w, http:\/\/sintema.org.br\/sintema\/wp-content\/uploads\/2016\/03\/comunicado.jpg 1280w\" sizes=\"(max-width: 501px) 100vw, 501px\" \/><\/a><\/p>\n<p>Por motivo de falecimento de uma funcion\u00e1ria, o escrit\u00f3rio de advocacia Macieira, Nunes e Zagallo, que presta assessoria ao Sintema, n\u00e3o funciona nesta sexta-feira, dia 22 de janeiro. O comunicado foi remetido ao sindicato para no fim da tarde desta quinta-feira, 21.<\/p>\n<p>A Diretoria do Sintema lamenta o falecimento da colaboradora, <strong>ANTONIA MAGALI DA COSTA NEVES<\/strong>, e se solidariza com amigos e parentes neste momento de dor e consterna\u00e7\u00e3o.<\/p>\n<p>&#8212;<\/p>\n<p><em>Imprensa Sintema.<\/em><\/p>\n<p>&nbsp;<\/p>\n","protected":false},"excerpt":{"rendered":"<p>Por motivo de falecimento de uma funcion\u00e1ria, o escrit\u00f3rio de advocacia Macieira, Nunes e Zagallo, que presta assessoria ao Sintema, n\u00e3o funciona nesta sexta-feira, dia 22 de janeiro. O comunicado foi remetido ao sindicato para no fim da tarde desta quinta-feira, 21. A Diretoria do Sintema lamenta o falecimento da colaboradora, ANTONIA MAGALI DA COSTA [&hellip;]<\/p>\n","protected":false},"author":2,"featured_media":0,"comment_status":"open","ping_status":"open","sticky":false,"template":"","format":"standard","meta":[],"categories":[5,8],"tags":[],"_links":{"self":[{"href":"http:\/\/sintema.org.br\/sintema\/wp-json\/wp\/v2\/posts\/11437"}],"collection":[{"href":"http:\/\/sintema.org.br\/sintema\/wp-json\/wp\/v2\/posts"}],"about":[{"href":"http:\/\/sintema.org.br\/sintema\/wp-json\/wp\/v2\/types\/post"}],"author":[{"embeddable":true,"href":"http:\/\/sintema.org.br\/sintema\/wp-json\/wp\/v2\/users\/2"}],"replies":[{"embeddable":true,"href":"http:\/\/sintema.org.br\/sintema\/wp-json\/wp\/v2\/comments?post=11437"}],"version-history":[{"count":4,"href":"http:\/\/sintema.org.br\/sintema\/wp-json\/wp\/v2\/posts\/11437\/revisions"}],"predecessor-version":[{"id":11441,"href":"http:\/\/sintema.org.br\/sintema\/wp-json\/wp\/v2\/posts\/11437\/revisions\/11441"}],"wp:attachment":[{"href":"http:\/\/sintema.org.br\/sintema\/wp-json\/wp\/v2\/media?parent=11437"}],"wp:term":[{"taxonomy":"category","embeddable":true,"href":"http:\/\/sintema.org.br\/sintema\/wp-json\/wp\/v2\/categories?post=11437"},{"taxonomy":"post_tag","embeddable":true,"href":"http:\/\/sintema.org.br\/sintema\/wp-json\/wp\/v2\/tags?post=11437"}],"curies":[{"name":"wp","href":"https:\/\/api.w.org\/{rel}","templated":true}]}}