{"id":11468,"date":"2021-02-22T21:35:33","date_gmt":"2021-02-22T21:35:33","guid":{"rendered":"http:\/\/sintema.org.br\/sintema\/?p=11468"},"modified":"2021-02-22T21:35:33","modified_gmt":"2021-02-22T21:35:33","slug":"acesso-on-line-ao-comprovante-de-rendimentos-para-ex-servidores-e-ex-pensionistas","status":"publish","type":"post","link":"http:\/\/sintema.org.br\/sintema\/acesso-on-line-ao-comprovante-de-rendimentos-para-ex-servidores-e-ex-pensionistas\/","title":{"rendered":"Acesso on-line ao comprovante de rendimentos para ex-servidores e ex-pensionistas"},"content":{"rendered":"<p><a href=\"http:\/\/sintema.org.br\/sintema\/wp-content\/uploads\/2021\/02\/d3809765-df75-4f68-a44a-b05983f3b3f3.jpeg\"><img loading=\"lazy\" class=\"alignnone  wp-image-11469\" src=\"http:\/\/sintema.org.br\/sintema\/wp-content\/uploads\/2021\/02\/d3809765-df75-4f68-a44a-b05983f3b3f3.jpeg\" alt=\"\" width=\"482\" height=\"321\" srcset=\"http:\/\/sintema.org.br\/sintema\/wp-content\/uploads\/2021\/02\/d3809765-df75-4f68-a44a-b05983f3b3f3.jpeg 768w, http:\/\/sintema.org.br\/sintema\/wp-content\/uploads\/2021\/02\/d3809765-df75-4f68-a44a-b05983f3b3f3-300x200.jpeg 300w\" sizes=\"(max-width: 482px) 100vw, 482px\" \/><\/a><\/p>\n<p>A Pr\u00f3-reitoria&nbsp;<span class=\"highlightedSearchTerm\">de<\/span>&nbsp;Gest\u00e3o&nbsp;<span class=\"highlightedSearchTerm\">de<\/span>&nbsp;Pessoas informa que j\u00e1 est\u00e1 dispon\u00edvel, no&nbsp;<a class=\"external-link\" title=\"\" href=\"http:\/\/www.servidor.gov.br\/\" target=\"_blank\" rel=\"noopener\" data-tippreview-enabled=\"false\" data-tippreview-image=\"\" data-tippreview-title=\"\">Portal do Servidor<\/a>,&nbsp;o acesso ao comprovante&nbsp;<span class=\"highlightedSearchTerm\">de<\/span>&nbsp;rendimentos para&nbsp;<span class=\"highlightedSearchTerm\">De<\/span>clara\u00e7\u00e3o do&nbsp;<span class=\"highlightedSearchTerm\">Imposto<\/span>&nbsp;<span class=\"highlightedSearchTerm\">de<\/span>&nbsp;<span class=\"highlightedSearchTerm\">Renda<\/span>&nbsp;da Pessoa F\u00edsica (IRPF) para os ex-servidores e os ex-pensionistas da Administra\u00e7\u00e3o P\u00fablica Fe<span class=\"highlightedSearchTerm\">de<\/span>ral (APF).<\/p>\n<p>&nbsp;<\/p>\n<p>Agora, servidores e pensionistas que se&nbsp;<span class=\"highlightedSearchTerm\">de<\/span>sligaram do servi\u00e7o p\u00fablico fe<span class=\"highlightedSearchTerm\">de<\/span>ral n\u00e3o precisam mais se&nbsp;<span class=\"highlightedSearchTerm\">de<\/span>slocar at\u00e9 as Unida<span class=\"highlightedSearchTerm\">de<\/span>s&nbsp;<span class=\"highlightedSearchTerm\">de<\/span>&nbsp;Recursos Humanos para obter o comprovante&nbsp;<span class=\"highlightedSearchTerm\">de<\/span>&nbsp;rendimentos.<\/p>\n<p>&nbsp;<\/p>\n<p>Para acessar, \u00e9 necess\u00e1rio utilizar o mesmo login e senha cadastrados no site&nbsp;<a href=\"http:\/\/gov.br\/\">gov.br<\/a>. Basta entrar no \u00edcone &#8220;Sigepe Ex-servidor e Ex-pensionista&#8221; disponibilizado no Portal do Servidor (<a href=\"http:\/\/www.servidor.gov.br\/\">www.servidor.gov.br<\/a>) e seguir as orienta\u00e7\u00f5es que ser\u00e3o apresentadas.<\/p>\n<p>&nbsp;<\/p>\n<p>Fonte: UFMA.<\/p>\n","protected":false},"excerpt":{"rendered":"<p>A Pr\u00f3-reitoria&nbsp;de&nbsp;Gest\u00e3o&nbsp;de&nbsp;Pessoas informa que j\u00e1 est\u00e1 dispon\u00edvel, no&nbsp;Portal do Servidor,&nbsp;o acesso ao comprovante&nbsp;de&nbsp;rendimentos para&nbsp;Declara\u00e7\u00e3o do&nbsp;Imposto&nbsp;de&nbsp;Renda&nbsp;da Pessoa F\u00edsica (IRPF) para os ex-servidores e os ex-pensionistas da Administra\u00e7\u00e3o P\u00fablica Federal (APF). &nbsp; Agora, servidores e pensionistas que se&nbsp;desligaram do servi\u00e7o p\u00fablico federal n\u00e3o precisam mais se&nbsp;deslocar at\u00e9 as Unidades&nbsp;de&nbsp;Recursos Humanos para obter o comprovante&nbsp;de&nbsp;rendimentos. &nbsp; Para acessar, [&hellip;]<\/p>\n","protected":false},"author":2,"featured_media":0,"comment_status":"open","ping_status":"open","sticky":false,"template":"","format":"standard","meta":[],"categories":[5],"tags":[],"_links":{"self":[{"href":"http:\/\/sintema.org.br\/sintema\/wp-json\/wp\/v2\/posts\/11468"}],"collection":[{"href":"http:\/\/sintema.org.br\/sintema\/wp-json\/wp\/v2\/posts"}],"about":[{"href":"http:\/\/sintema.org.br\/sintema\/wp-json\/wp\/v2\/types\/post"}],"author":[{"embeddable":true,"href":"http:\/\/sintema.org.br\/sintema\/wp-json\/wp\/v2\/users\/2"}],"replies":[{"embeddable":true,"href":"http:\/\/sintema.org.br\/sintema\/wp-json\/wp\/v2\/comments?post=11468"}],"version-history":[{"count":1,"href":"http:\/\/sintema.org.br\/sintema\/wp-json\/wp\/v2\/posts\/11468\/revisions"}],"predecessor-version":[{"id":11470,"href":"http:\/\/sintema.org.br\/sintema\/wp-json\/wp\/v2\/posts\/11468\/revisions\/11470"}],"wp:attachment":[{"href":"http:\/\/sintema.org.br\/sintema\/wp-json\/wp\/v2\/media?parent=11468"}],"wp:term":[{"taxonomy":"category","embeddable":true,"href":"http:\/\/sintema.org.br\/sintema\/wp-json\/wp\/v2\/categories?post=11468"},{"taxonomy":"post_tag","embeddable":true,"href":"http:\/\/sintema.org.br\/sintema\/wp-json\/wp\/v2\/tags?post=11468"}],"curies":[{"name":"wp","href":"https:\/\/api.w.org\/{rel}","templated":true}]}}