{"id":11493,"date":"2021-03-09T18:52:13","date_gmt":"2021-03-09T18:52:13","guid":{"rendered":"http:\/\/sintema.org.br\/sintema\/?p=11493"},"modified":"2021-03-09T18:52:13","modified_gmt":"2021-03-09T18:52:13","slug":"nota-de-pesar-luciene-mafra-de-vasconcelos","status":"publish","type":"post","link":"http:\/\/sintema.org.br\/sintema\/nota-de-pesar-luciene-mafra-de-vasconcelos\/","title":{"rendered":"NOTA DE PESAR | Luciene Mafra de Vasconcelos"},"content":{"rendered":"<p><a href=\"http:\/\/sintema.org.br\/sintema\/wp-content\/uploads\/2021\/03\/ufam.jpeg\"><img loading=\"lazy\" class=\"alignnone  wp-image-11494\" src=\"http:\/\/sintema.org.br\/sintema\/wp-content\/uploads\/2021\/03\/ufam.jpeg\" alt=\"\" width=\"449\" height=\"336\"><\/a><\/p>\n<p><span style=\"color: #000000;\"><span style=\"font-family: Arial, sans-serif;\"><span style=\"font-size: medium;\">\u00c9 com imenso pesar que a diretoria do Sintema comunica a toda categoria o falecimento d<\/span><\/span><\/span><span style=\"color: #000000;\"><span style=\"font-family: Arial, sans-serif;\"><span style=\"font-size: medium;\">e<\/span><\/span><\/span><b> <\/b><span style=\"color: #000000;\"><span style=\"font-family: Arial, sans-serif;\"><span style=\"font-size: medium;\">Luciene Mafra de Vasconcelos <\/span><\/span><\/span><span style=\"color: #000000;\"><span style=\"font-family: Arial, sans-serif;\"><span style=\"font-size: medium;\">\u2013 <\/span><\/span><\/span><span style=\"color: #000000;\"><span style=\"font-family: Arial, sans-serif;\"><span style=\"font-size: medium;\">TAE da Universidade Federal do Amazonas \u2013 UFAM, <\/span><\/span><\/span><span style=\"color: #000000;\"><span style=\"font-family: Arial, sans-serif;\"><span style=\"font-size: medium;\">ocorrido <\/span><\/span><\/span><span style=\"color: #000000;\"><span style=\"font-family: Arial, sans-serif;\"><span style=\"font-size: medium;\">nesta segunda-feira, dia 8 de mar\u00e7o. Luciene era dirigente da CTB e FASUBRA.<\/span><\/span><\/span><\/p>\n<p><span style=\"color: #000000;\">&nbsp;<\/span><\/p>\n<p><span style=\"color: #000000;\"><span style=\"font-family: Arial, sans-serif;\"><span style=\"font-size: medium;\">Toda a Dire\u00e7\u00e3o do Sindicato lamenta e se solidariza com a fam\u00edlia, enlutada neste momento de dor.<\/span><\/span><\/span><\/p>\n<p>&nbsp;<\/p>\n<p><span style=\"color: #000000;\"><span style=\"font-family: Arial, sans-serif;\"><span style=\"font-size: medium;\">Confira, abaixo, a nota de pesar divulgada pela UFAM:<\/span><\/span><\/span><\/p>\n<p>&nbsp;<\/p>\n<p><span style=\"font-family: Arial, sans-serif;\"><span style=\"font-size: medium;\"><span style=\"color: #000000;\">A Universidade Federal do Amazonas informa, com pesar, o falecimento da Coordenadora Geral da CIS (tri\u00eanio 2019\u20132022) dos t\u00e9cnico-administrativos em educa\u00e7\u00e3o (TAEs) da Universidade Federal do Amazonas (UFAM), Luciene Mafra de Vasconcelos, ocorrido em 08 de mar\u00e7o de 2021.<\/span><\/span><\/span><\/p>\n<p>&nbsp;<\/p>\n<p><span style=\"font-family: Arial, sans-serif;\"><span style=\"font-size: medium;\"><span style=\"color: #000000;\">Os demais membros deste colegiado Sebasti\u00e3o Cabral (EDUA\/CSG); Geider Lemos (PCU); Herbett Rodrigues (PROPLAN); Alexandra Facinni (FT); Jos\u00e9 Nilton (Reitoria); Luiz Carlos Bonates (ICB) e Francisco Luan (INC) expressam sinceras condol\u00eancias a todos seus familiares e amigos neste momento de profundo luto.<\/span><\/span><\/span><\/p>\n<p>&nbsp;<\/p>\n<p><span style=\"font-family: Arial, sans-serif;\"><span style=\"font-size: medium;\"><span style=\"color: #000000;\">Luciene era lotada na Faculdade de Educa\u00e7\u00e3o (FACED), deixa um legado de mais de 40 anos de trabalho, profissionalismo, dedica\u00e7\u00e3o e luta em prol de melhorias relevantes, consistentes e altamente significativas na formula\u00e7\u00e3o e execu\u00e7\u00e3o de pol\u00edticas de pessoal para a categoria dos TAEs, recentemente tamb\u00e9m representava a CIS, atuando na Comiss\u00e3o Permanente de Pessoal T\u00e9cnico Administrativo em Educa\u00e7\u00e3o (CPPTAE) avaliando com muita responsabilidade os processos de afastamentos dos TAEs que lhes eram encaminhados para gerar o seu parecer.<\/span><\/span><\/span><\/p>\n<p>&nbsp;<\/p>\n<p><em>Imprensa Sintema com informac\u00f5es.<\/em><\/p>\n","protected":false},"excerpt":{"rendered":"<p>\u00c9 com imenso pesar que a diretoria do Sintema comunica a toda categoria o falecimento de Luciene Mafra de Vasconcelos \u2013 TAE da Universidade Federal do Amazonas \u2013 UFAM, ocorrido nesta segunda-feira, dia 8 de mar\u00e7o. Luciene era dirigente da CTB e FASUBRA. &nbsp; Toda a Dire\u00e7\u00e3o do Sindicato lamenta e se solidariza com a [&hellip;]<\/p>\n","protected":false},"author":2,"featured_media":0,"comment_status":"open","ping_status":"open","sticky":false,"template":"","format":"standard","meta":[],"categories":[5,18,8],"tags":[],"_links":{"self":[{"href":"http:\/\/sintema.org.br\/sintema\/wp-json\/wp\/v2\/posts\/11493"}],"collection":[{"href":"http:\/\/sintema.org.br\/sintema\/wp-json\/wp\/v2\/posts"}],"about":[{"href":"http:\/\/sintema.org.br\/sintema\/wp-json\/wp\/v2\/types\/post"}],"author":[{"embeddable":true,"href":"http:\/\/sintema.org.br\/sintema\/wp-json\/wp\/v2\/users\/2"}],"replies":[{"embeddable":true,"href":"http:\/\/sintema.org.br\/sintema\/wp-json\/wp\/v2\/comments?post=11493"}],"version-history":[{"count":1,"href":"http:\/\/sintema.org.br\/sintema\/wp-json\/wp\/v2\/posts\/11493\/revisions"}],"predecessor-version":[{"id":11495,"href":"http:\/\/sintema.org.br\/sintema\/wp-json\/wp\/v2\/posts\/11493\/revisions\/11495"}],"wp:attachment":[{"href":"http:\/\/sintema.org.br\/sintema\/wp-json\/wp\/v2\/media?parent=11493"}],"wp:term":[{"taxonomy":"category","embeddable":true,"href":"http:\/\/sintema.org.br\/sintema\/wp-json\/wp\/v2\/categories?post=11493"},{"taxonomy":"post_tag","embeddable":true,"href":"http:\/\/sintema.org.br\/sintema\/wp-json\/wp\/v2\/tags?post=11493"}],"curies":[{"name":"wp","href":"https:\/\/api.w.org\/{rel}","templated":true}]}}