{"id":11964,"date":"2022-02-21T13:38:08","date_gmt":"2022-02-21T13:38:08","guid":{"rendered":"http:\/\/sintema.org.br\/sintema\/?p=11964"},"modified":"2022-02-21T13:47:48","modified_gmt":"2022-02-21T13:47:48","slug":"missa-convite-antonio-evaldo-silva-ribeiro","status":"publish","type":"post","link":"http:\/\/sintema.org.br\/sintema\/missa-convite-antonio-evaldo-silva-ribeiro\/","title":{"rendered":"MISSA CONVITE | Ant\u00f4nio Evaldo Silva Ribeiro"},"content":{"rendered":"\n<p>A diretoria do Sintema convida toda a categoria, para participar da Missa de S\u00e9timo Dia, solicitada pela fam\u00edlia da associado\u00a0<strong>Ant\u00f4nio Evaldo Silva Ribeiro<\/strong>. O ato acontece, de forma presencial, nesta ter\u00e7a-feira, dia 22, \u00e0s 17h30, no Santu\u00e1rio Nossa Senhora da Concei\u00e7ao &#8211; Monte Castelo.<\/p>\n\n\n\n<figure class=\"wp-block-gallery columns-0 is-cropped\"><ul class=\"blocks-gallery-grid\"><\/ul><\/figure>\n\n\n\n<p>Para quem n\u00e3o puder se fazer presente ao ato, poder\u00e1 acompanhar virtualmente. A missa ser\u00e1 transmitida ao vivo, pelo YouTube.<\/p>\n\n\n\n<p>Quem acessar pelo celular, tablet ou computador, necessita, apenas, clicar no convite ou <a href=\"https:\/\/www.youtube.com\/c\/Santu%C3%A1riodaConcei%C3%A7%C3%A3o\/featured\" data-type=\"URL\" data-id=\"https:\/\/www.youtube.com\/c\/Santu%C3%A1riodaConcei%C3%A7%C3%A3o\/featured\">AQUI!<\/a> <\/p>\n\n\n\n<p><em><strong>Imprensa Sintema.<\/strong><\/em><\/p>\n","protected":false},"excerpt":{"rendered":"<p>A diretoria do Sintema convida toda a categoria, para participar da Missa de S\u00e9timo Dia, solicitada pela fam\u00edlia da associado\u00a0Ant\u00f4nio Evaldo Silva Ribeiro. O ato acontece, de forma presencial, nesta ter\u00e7a-feira, dia 22, \u00e0s 17h30, no Santu\u00e1rio Nossa Senhora da Concei\u00e7ao &#8211; Monte Castelo. Para quem n\u00e3o puder se fazer presente ao ato, poder\u00e1 acompanhar [&hellip;]<\/p>\n","protected":false},"author":2,"featured_media":0,"comment_status":"open","ping_status":"open","sticky":false,"template":"","format":"standard","meta":[],"categories":[5,8],"tags":[],"_links":{"self":[{"href":"http:\/\/sintema.org.br\/sintema\/wp-json\/wp\/v2\/posts\/11964"}],"collection":[{"href":"http:\/\/sintema.org.br\/sintema\/wp-json\/wp\/v2\/posts"}],"about":[{"href":"http:\/\/sintema.org.br\/sintema\/wp-json\/wp\/v2\/types\/post"}],"author":[{"embeddable":true,"href":"http:\/\/sintema.org.br\/sintema\/wp-json\/wp\/v2\/users\/2"}],"replies":[{"embeddable":true,"href":"http:\/\/sintema.org.br\/sintema\/wp-json\/wp\/v2\/comments?post=11964"}],"version-history":[{"count":3,"href":"http:\/\/sintema.org.br\/sintema\/wp-json\/wp\/v2\/posts\/11964\/revisions"}],"predecessor-version":[{"id":11969,"href":"http:\/\/sintema.org.br\/sintema\/wp-json\/wp\/v2\/posts\/11964\/revisions\/11969"}],"wp:attachment":[{"href":"http:\/\/sintema.org.br\/sintema\/wp-json\/wp\/v2\/media?parent=11964"}],"wp:term":[{"taxonomy":"category","embeddable":true,"href":"http:\/\/sintema.org.br\/sintema\/wp-json\/wp\/v2\/categories?post=11964"},{"taxonomy":"post_tag","embeddable":true,"href":"http:\/\/sintema.org.br\/sintema\/wp-json\/wp\/v2\/tags?post=11964"}],"curies":[{"name":"wp","href":"https:\/\/api.w.org\/{rel}","templated":true}]}}