{"id":12148,"date":"2022-08-01T22:50:18","date_gmt":"2022-08-01T22:50:18","guid":{"rendered":"http:\/\/sintema.org.br\/sintema\/?p=12148"},"modified":"2022-08-01T22:50:21","modified_gmt":"2022-08-01T22:50:21","slug":"fasubra-sindical-assina-e-apoia-carta-pela-democracia","status":"publish","type":"post","link":"http:\/\/sintema.org.br\/sintema\/fasubra-sindical-assina-e-apoia-carta-pela-democracia\/","title":{"rendered":"FASUBRA Sindical assina e apoia \u201cCarta pela Democracia\u201d"},"content":{"rendered":"\n<figure class=\"wp-block-image size-large\"><img src=\"http:\/\/sintema.org.br\/sintema\/wp-content\/uploads\/2018\/01\/Democracia.jpg\" alt=\"\"\/><\/figure>\n\n\n\n<p>A Dire\u00e7\u00e3o Nacional (DN) da FASUBRA Sindical assina e apoia a \u201cCarta \u00e0s brasileiras e aos brasileiros em defesa do Estado Democr\u00e1tico de Direito!\u201d, iniciativa da Faculdade de Direito da Universidade de S\u00e3o Paulo (USP), que j\u00e1 alcan\u00e7ou quase meio milh\u00e3o de assinaturas, e ser\u00e1 lida no pr\u00f3ximo dia 11 de agosto em conjunto com outras entidades e representantes da sociedade.<\/p>\n\n\n\n<p>A carta conta com a assinatura de diversas autoridades do Direito brasileiras, como ex-ministros do STF (Supremo Tribunal Federal) e magistrados, integrantes do Tribunal de Contas da Uni\u00e3o, do Minist\u00e9rio P\u00fablico, da Defensoria P\u00fablica, da Advocacia P\u00fablica e Privada, personalidades, trabalhadoras e trabalhadores de diversas universidades, dentre outros.<\/p>\n\n\n\n<p>O documento repercutiu nos \u00faltimos tr\u00eas dias ap\u00f3s alcan\u00e7ar grande quantidade de assinaturas e \u00e9 uma resposta aos constantes ataques de Bolsonaro \u00e0 democracia e ao sistema eleitoral brasileiro. A Carta pela Democracia destaca a import\u00e2ncia da defesa das institui\u00e7\u00f5es brasileiras, dos Tribunais Superiores e afirma que n\u00e3o ser\u00e3o aceitos retrocessos \u00e0 democracia.<\/p>\n\n\n\n<p>\u201cAtaques infundados e desacompanhados de provas questionam a lisura do processo eleitoral e o estado democr\u00e1tico de direito t\u00e3o duramente conquistado pela sociedade brasileira. S\u00e3o intoler\u00e1veis as amea\u00e7as aos demais poderes e setores da sociedade civil e a incita\u00e7\u00e3o \u00e0 viol\u00eancia e \u00e0 ruptura da ordem constitucional\u201d, refor\u00e7a o documento.<\/p>\n\n\n\n<p><strong><\/strong><\/p>\n\n\n\n<p><\/p>\n\n\n\n<p>Fonte: FASUBRA.<\/p>\n","protected":false},"excerpt":{"rendered":"<p>A Dire\u00e7\u00e3o Nacional (DN) da FASUBRA Sindical assina e apoia a \u201cCarta \u00e0s brasileiras e aos brasileiros em defesa do Estado Democr\u00e1tico de Direito!\u201d, iniciativa da Faculdade de Direito da Universidade de S\u00e3o Paulo (USP), que j\u00e1 alcan\u00e7ou quase meio milh\u00e3o de assinaturas, e ser\u00e1 lida no pr\u00f3ximo dia 11 de agosto em conjunto com [&hellip;]<\/p>\n","protected":false},"author":2,"featured_media":0,"comment_status":"open","ping_status":"open","sticky":false,"template":"","format":"standard","meta":[],"categories":[5,18],"tags":[],"_links":{"self":[{"href":"http:\/\/sintema.org.br\/sintema\/wp-json\/wp\/v2\/posts\/12148"}],"collection":[{"href":"http:\/\/sintema.org.br\/sintema\/wp-json\/wp\/v2\/posts"}],"about":[{"href":"http:\/\/sintema.org.br\/sintema\/wp-json\/wp\/v2\/types\/post"}],"author":[{"embeddable":true,"href":"http:\/\/sintema.org.br\/sintema\/wp-json\/wp\/v2\/users\/2"}],"replies":[{"embeddable":true,"href":"http:\/\/sintema.org.br\/sintema\/wp-json\/wp\/v2\/comments?post=12148"}],"version-history":[{"count":1,"href":"http:\/\/sintema.org.br\/sintema\/wp-json\/wp\/v2\/posts\/12148\/revisions"}],"predecessor-version":[{"id":12149,"href":"http:\/\/sintema.org.br\/sintema\/wp-json\/wp\/v2\/posts\/12148\/revisions\/12149"}],"wp:attachment":[{"href":"http:\/\/sintema.org.br\/sintema\/wp-json\/wp\/v2\/media?parent=12148"}],"wp:term":[{"taxonomy":"category","embeddable":true,"href":"http:\/\/sintema.org.br\/sintema\/wp-json\/wp\/v2\/categories?post=12148"},{"taxonomy":"post_tag","embeddable":true,"href":"http:\/\/sintema.org.br\/sintema\/wp-json\/wp\/v2\/tags?post=12148"}],"curies":[{"name":"wp","href":"https:\/\/api.w.org\/{rel}","templated":true}]}}