{"id":12349,"date":"2023-03-14T03:19:16","date_gmt":"2023-03-14T03:19:16","guid":{"rendered":"http:\/\/sintema.org.br\/sintema\/?p=12349"},"modified":"2023-03-14T03:19:18","modified_gmt":"2023-03-14T03:19:18","slug":"plenaria-aprova-orientar-rodadas-de-assembleias-e-o-aceite-da-proposta-de-9-apresentada-pelo-governo","status":"publish","type":"post","link":"http:\/\/sintema.org.br\/sintema\/plenaria-aprova-orientar-rodadas-de-assembleias-e-o-aceite-da-proposta-de-9-apresentada-pelo-governo\/","title":{"rendered":"Plen\u00e1ria aprova orientar rodadas de assembleias e o aceite da proposta de 9% apresentada pelo governo"},"content":{"rendered":"\n<figure class=\"wp-block-image size-large\"><img src=\"http:\/\/sintema.org.br\/sintema\/wp-content\/uploads\/2023\/03\/333603453_888530385745415_8024406280639977602_n.jpg\" alt=\"\"\/><\/figure>\n\n\n\n<p>T\u00e9cnica-administrativas e t\u00e9cnicos-administrativos em educa\u00e7\u00e3o reuniram-se durante dois dias, 10 e 11 de mar\u00e7o, na Plen\u00e1ria Nacional da FASUBRA Sindical, realizada no audit\u00f3rio da Faculdade de Sa\u00fade da UnB, em Bras\u00edlia\/DF. Participaram 33 entidades, sendo 31 credenciadas e 2 de observadores, totalizando 165 pessoas \u2013 100 delegadas e 65 delegados.<\/p>\n\n\n\n<p>A plen\u00e1ria aprovou a proposta com a orienta\u00e7\u00e3o para as bases aceitarem os 9% de aumento salarial linear em maio, mais R$ 200 de aux\u00edlio-alimenta\u00e7\u00e3o, que passa de R$ 458 para R$ 658. O reajuste est\u00e1 dentro dos R$ 11,2 bi, previsto no or\u00e7amento deste ano. As entidades de base da Federa\u00e7\u00e3o devem realizar assembleias nesta semana \u2013 de hoje (13\/3) at\u00e9 quarta-feira (15\/3) \u2013 para analisar e votar a proposta.<\/p>\n\n\n\n<p>O Governo Federal apresentou a contraproposta na sexta-feira (10\/3), durante a terceira rodada de negocia\u00e7\u00f5es da Mesa Nacional de Negocia\u00e7\u00e3o Permanente (MNNP) em reuni\u00e3o que contou com 55 entidades representativas dos servidores p\u00fablicos federais, entre elas, as que comp\u00f5em o FONASEFE e o FONACATE. A FASUBRA Sindical interrompeu a plen\u00e1ria para acompanhar a reuni\u00e3o e os participantes se manifestaram em frente ao Minist\u00e9rio do Trabalho e Emprego por melhoria da proposta.<\/p>\n\n\n\n<p><strong>XXIV CONFASUBRA<\/strong><\/p>\n\n\n\n<p>A plen\u00e1ria aprovou o Regimento do XXIV CONFASUBRA, que ser\u00e1 realizado no per\u00edodo de 17 a 21 de maio, no Hotel Royal Tulip Bras\u00edlia Alvorada. O credenciamento vai das 14h do dia 17\/05 at\u00e9 as 12h do dia 18\/05. A mesa de abertura ser\u00e1 no dia 17\/05 \u00e0 noite. O per\u00edodo para realiza\u00e7\u00e3o de Assembleias Gerais para elei\u00e7\u00e3o de delegadas e delegados foi reduzido em uma semana: de 3 a 28 de abril passou para 3 a 21 de abril.<\/p>\n\n\n\n<p>O CONFASUBRA ter\u00e1 o seguinte tem\u00e1rio: conjuntura nacional e internacional; altera\u00e7\u00e3o estatut\u00e1ria; ataques \u00e0 categoria: HUs, carreira, aposentados; Democracia nas IFE; Plano de lutas; Elei\u00e7\u00e3o da DN e CF.<\/p>\n\n\n\n<p>Veja as teses apresentadas ao XXIV CONFASUBRA:\u00a0.<\/p>\n\n\n\n<p><\/p>\n\n\n\n<p>A plen\u00e1ria ainda aprovou as contas da Federa\u00e7\u00e3o relativas ao ano de 2022, apresentadas pelo Conselho Fiscal no s\u00e1bado (11\/03). Em rela\u00e7\u00e3o \u00e0 proposta de PGD, a discuss\u00e3o foi inconclusiva e ser\u00e1 realizada uma reuni\u00e3o virtual para terminar o debate.<\/p>\n\n\n\n<p>Em breve divulgaremos todos os detalhes da plen\u00e1ria no pr\u00f3ximo ID (Informe de Dire\u00e7\u00e3o).<\/p>\n\n\n\n<p>Veja mais fotos da plen\u00e1ria nacional:\u00a0.<\/p>\n\n\n\n<p><\/p>\n\n\n\n<p>Fonte: FASUBRA<\/p>\n","protected":false},"excerpt":{"rendered":"<p>T\u00e9cnica-administrativas e t\u00e9cnicos-administrativos em educa\u00e7\u00e3o reuniram-se durante dois dias, 10 e 11 de mar\u00e7o, na Plen\u00e1ria Nacional da FASUBRA Sindical, realizada no audit\u00f3rio da Faculdade de Sa\u00fade da UnB, em Bras\u00edlia\/DF. Participaram 33 entidades, sendo 31 credenciadas e 2 de observadores, totalizando 165 pessoas \u2013 100 delegadas e 65 delegados. A plen\u00e1ria aprovou a proposta [&hellip;]<\/p>\n","protected":false},"author":2,"featured_media":0,"comment_status":"open","ping_status":"open","sticky":false,"template":"","format":"standard","meta":[],"categories":[12,5,18],"tags":[],"_links":{"self":[{"href":"http:\/\/sintema.org.br\/sintema\/wp-json\/wp\/v2\/posts\/12349"}],"collection":[{"href":"http:\/\/sintema.org.br\/sintema\/wp-json\/wp\/v2\/posts"}],"about":[{"href":"http:\/\/sintema.org.br\/sintema\/wp-json\/wp\/v2\/types\/post"}],"author":[{"embeddable":true,"href":"http:\/\/sintema.org.br\/sintema\/wp-json\/wp\/v2\/users\/2"}],"replies":[{"embeddable":true,"href":"http:\/\/sintema.org.br\/sintema\/wp-json\/wp\/v2\/comments?post=12349"}],"version-history":[{"count":1,"href":"http:\/\/sintema.org.br\/sintema\/wp-json\/wp\/v2\/posts\/12349\/revisions"}],"predecessor-version":[{"id":12351,"href":"http:\/\/sintema.org.br\/sintema\/wp-json\/wp\/v2\/posts\/12349\/revisions\/12351"}],"wp:attachment":[{"href":"http:\/\/sintema.org.br\/sintema\/wp-json\/wp\/v2\/media?parent=12349"}],"wp:term":[{"taxonomy":"category","embeddable":true,"href":"http:\/\/sintema.org.br\/sintema\/wp-json\/wp\/v2\/categories?post=12349"},{"taxonomy":"post_tag","embeddable":true,"href":"http:\/\/sintema.org.br\/sintema\/wp-json\/wp\/v2\/tags?post=12349"}],"curies":[{"name":"wp","href":"https:\/\/api.w.org\/{rel}","templated":true}]}}