{"id":12352,"date":"2023-03-14T17:15:44","date_gmt":"2023-03-14T17:15:44","guid":{"rendered":"http:\/\/sintema.org.br\/sintema\/?p=12352"},"modified":"2023-03-14T17:15:47","modified_gmt":"2023-03-14T17:15:47","slug":"sintema-convoca-categoria-para-assembleia-geral-virtual-nesta-quarta-15","status":"publish","type":"post","link":"http:\/\/sintema.org.br\/sintema\/sintema-convoca-categoria-para-assembleia-geral-virtual-nesta-quarta-15\/","title":{"rendered":"Sintema convoca categoria para Assembleia Geral Virtual nesta quarta (15)"},"content":{"rendered":"\n<p>Para acessar a sala de videoconfer\u00eancia onde ser\u00e1 realizada a Assembleia Geral Virtual, a partir das 10h, <a href=\"https:\/\/meet.google.com\/vdz-qhjr-kdn\">CLIQUE AQUI!<\/a> ou copie e cole o endere\u00e7o a seguir no navegador de internet do seu computador: https:\/\/meet.google.com\/vdz-qhjr-kdn <\/p>\n\n\n\n<figure class=\"wp-block-image size-large\"><img src=\"http:\/\/sintema.org.br\/sintema\/wp-content\/uploads\/2023\/03\/convocatoria-sintema-final-1.png\" alt=\"\"\/><\/figure>\n","protected":false},"excerpt":{"rendered":"<p>Para acessar a sala de videoconfer\u00eancia onde ser\u00e1 realizada a Assembleia Geral Virtual, a partir das 10h, CLIQUE AQUI! ou copie e cole o endere\u00e7o a seguir no navegador de internet do seu computador: https:\/\/meet.google.com\/vdz-qhjr-kdn<\/p>\n","protected":false},"author":2,"featured_media":0,"comment_status":"open","ping_status":"open","sticky":false,"template":"","format":"standard","meta":[],"categories":[12,5],"tags":[],"_links":{"self":[{"href":"http:\/\/sintema.org.br\/sintema\/wp-json\/wp\/v2\/posts\/12352"}],"collection":[{"href":"http:\/\/sintema.org.br\/sintema\/wp-json\/wp\/v2\/posts"}],"about":[{"href":"http:\/\/sintema.org.br\/sintema\/wp-json\/wp\/v2\/types\/post"}],"author":[{"embeddable":true,"href":"http:\/\/sintema.org.br\/sintema\/wp-json\/wp\/v2\/users\/2"}],"replies":[{"embeddable":true,"href":"http:\/\/sintema.org.br\/sintema\/wp-json\/wp\/v2\/comments?post=12352"}],"version-history":[{"count":1,"href":"http:\/\/sintema.org.br\/sintema\/wp-json\/wp\/v2\/posts\/12352\/revisions"}],"predecessor-version":[{"id":12354,"href":"http:\/\/sintema.org.br\/sintema\/wp-json\/wp\/v2\/posts\/12352\/revisions\/12354"}],"wp:attachment":[{"href":"http:\/\/sintema.org.br\/sintema\/wp-json\/wp\/v2\/media?parent=12352"}],"wp:term":[{"taxonomy":"category","embeddable":true,"href":"http:\/\/sintema.org.br\/sintema\/wp-json\/wp\/v2\/categories?post=12352"},{"taxonomy":"post_tag","embeddable":true,"href":"http:\/\/sintema.org.br\/sintema\/wp-json\/wp\/v2\/tags?post=12352"}],"curies":[{"name":"wp","href":"https:\/\/api.w.org\/{rel}","templated":true}]}}