{"id":12655,"date":"2023-10-02T21:15:27","date_gmt":"2023-10-02T21:15:27","guid":{"rendered":"https:\/\/sintema.org.br\/sintema\/?p=12655"},"modified":"2023-10-02T21:30:45","modified_gmt":"2023-10-02T21:30:45","slug":"sintema-comunica-falecimento-de-jose-ribamar-de-sousa-diretor-de-aposentados-da-entidade","status":"publish","type":"post","link":"http:\/\/sintema.org.br\/sintema\/sintema-comunica-falecimento-de-jose-ribamar-de-sousa-diretor-de-aposentados-da-entidade\/","title":{"rendered":"Sintema comunica falecimento de Jos\u00e9 Ribamar de Sousa, diretor de Aposentados da entidade"},"content":{"rendered":"\n<figure class=\"wp-block-image size-large\"><img src=\"http:\/\/sintema.org.br\/sintema\/wp-content\/uploads\/2023\/10\/jose-ribamar-de-sousa-site.png\" alt=\"\"\/><\/figure>\n\n\n\n<p>Recebemos na tarde desta segunda-feira, 02, com profunda tristeza, a not\u00edcia do falecimento do diretor sindical&nbsp;<strong>JOS\u00c9 RIBAMAR DE SOUSA<\/strong>, que atualmente exercia o cargo de Diretor de Aposentados do SINTEMA, um grande companheiro de luta.<\/p>\n\n\n\n<p>.<\/p>\n\n\n\n<p>O presidente do Sintema, Mariano Azevedo, lamentou a breve partida do colega, e ressaltou as grandes contribui\u00e7\u00f5es do sindicalista na luta em defesa dos trabalhadores, em especial, os j\u00e1 aposentados. &#8220;Tivemos ao lado deste colega em v\u00e1rias gest\u00f5es, e ele sempre muito ativo e propositivo, uma pessoa muito humana, certamente far\u00e1 muita falta&#8221;, afirmou.<\/p>\n\n\n\n<p>.<\/p>\n\n\n\n<p>O secret\u00e1rio de Forma\u00e7\u00e3o do Sintema, Jorge Mendes, soube do falecimento do colega no momento que estava participando da Plen\u00e1ria Nacional dos Servidores P\u00fablicos da CTB. &#8220;Informei a triste not\u00edcia da perda de mais um diretor do SINTEMA, e nossos colegas JP e demais participantes se solidarizaram e pediram que Deus d\u00ea conforto a todos os amigos e parentes&#8221;, pontuou.<\/p>\n\n\n\n<p>.<\/p>\n\n\n\n<p>Toda a Dire\u00e7\u00e3o do Sintema se solidariza neste momento de dor, luto e despedida, com a fam\u00edlia, amigos, colegas de trabalho, e espera que a sua hist\u00f3ria e os seus exemplos sejam uma for\u00e7a para a categoria seguir firme na luta por melhores dias.<\/p>\n\n\n\n<p>.<\/p>\n\n\n\n<p><strong>VEL\u00d3RIO:<\/strong>&nbsp;A partir das 19h, na Igreja Batista Nacional da Palavra, na Rua Plut\u00e3o \u2013 Recanto dos Vinhais.<\/p>\n\n\n\n<p><strong>SEPULTAMENTO<\/strong>: Cemit\u00e9rio Jardim da Paz, Estrada de Ribamar, dia 03\/10\/2023, \u00e0s 16h.<\/p>\n","protected":false},"excerpt":{"rendered":"<p>Recebemos na tarde desta segunda-feira, 02, com profunda tristeza, a not\u00edcia do falecimento do diretor sindical&nbsp;JOS\u00c9 RIBAMAR DE SOUSA, que atualmente exercia o cargo de Diretor de Aposentados do SINTEMA, um grande companheiro de luta. . O presidente do Sintema, Mariano Azevedo, lamentou a breve partida do colega, e ressaltou as grandes contribui\u00e7\u00f5es do sindicalista [&hellip;]<\/p>\n","protected":false},"author":2,"featured_media":0,"comment_status":"open","ping_status":"open","sticky":false,"template":"","format":"standard","meta":[],"categories":[5,8],"tags":[],"_links":{"self":[{"href":"http:\/\/sintema.org.br\/sintema\/wp-json\/wp\/v2\/posts\/12655"}],"collection":[{"href":"http:\/\/sintema.org.br\/sintema\/wp-json\/wp\/v2\/posts"}],"about":[{"href":"http:\/\/sintema.org.br\/sintema\/wp-json\/wp\/v2\/types\/post"}],"author":[{"embeddable":true,"href":"http:\/\/sintema.org.br\/sintema\/wp-json\/wp\/v2\/users\/2"}],"replies":[{"embeddable":true,"href":"http:\/\/sintema.org.br\/sintema\/wp-json\/wp\/v2\/comments?post=12655"}],"version-history":[{"count":4,"href":"http:\/\/sintema.org.br\/sintema\/wp-json\/wp\/v2\/posts\/12655\/revisions"}],"predecessor-version":[{"id":12662,"href":"http:\/\/sintema.org.br\/sintema\/wp-json\/wp\/v2\/posts\/12655\/revisions\/12662"}],"wp:attachment":[{"href":"http:\/\/sintema.org.br\/sintema\/wp-json\/wp\/v2\/media?parent=12655"}],"wp:term":[{"taxonomy":"category","embeddable":true,"href":"http:\/\/sintema.org.br\/sintema\/wp-json\/wp\/v2\/categories?post=12655"},{"taxonomy":"post_tag","embeddable":true,"href":"http:\/\/sintema.org.br\/sintema\/wp-json\/wp\/v2\/tags?post=12655"}],"curies":[{"name":"wp","href":"https:\/\/api.w.org\/{rel}","templated":true}]}}