{"id":12868,"date":"2024-05-23T00:12:11","date_gmt":"2024-05-23T00:12:11","guid":{"rendered":"http:\/\/sintema.org.br\/sintema\/?p=12868"},"modified":"2024-05-23T00:12:14","modified_gmt":"2024-05-23T00:12:14","slug":"sintema-manifesta-pesar-pelo-falecimento-de-rafael-mendonca-oliveira","status":"publish","type":"post","link":"http:\/\/sintema.org.br\/sintema\/sintema-manifesta-pesar-pelo-falecimento-de-rafael-mendonca-oliveira\/","title":{"rendered":"Sintema manifesta pesar pelo falecimento de Rafael Mendon\u00e7a Oliveira"},"content":{"rendered":"\n<figure class=\"wp-block-image size-large\"><img src=\"http:\/\/sintema.org.br\/sintema\/wp-content\/uploads\/2017\/04\/NOTA-DE-FALECIMENTO.jpg\" alt=\"\"\/><\/figure>\n\n\n\n<p>\u00c9 com profundo pesar que o SINTEMA manifesta condol\u00eancias pelo falecimento de <strong>Rafael Mendon\u00e7a Oliveira, filho do professor Ant\u00f4nio Jos\u00e9 Silva Oliveira<\/strong>, coordenador do Espa\u00e7o da Ci\u00eancia e do Firmamento \u2013 Planet\u00e1rio da UFMA e ex vice-reitor da UFMA, e apoiador do sindicato.<\/p>\n\n\n\n<p>O presidente da entidade, Mariano Azevedo, em nome de toda a categoria dos t\u00e9cnico-administrativos da universidade, se solidariza om familiares e amigos neste momento de\u00a0dor e consterna\u00e7\u00e3o.<\/p>\n\n\n\n<p>SINTEMA.<\/p>\n\n\n\n<p><\/p>\n\n\n\n<p><\/p>\n","protected":false},"excerpt":{"rendered":"<p>\u00c9 com profundo pesar que o SINTEMA manifesta condol\u00eancias pelo falecimento de Rafael Mendon\u00e7a Oliveira, filho do professor Ant\u00f4nio Jos\u00e9 Silva Oliveira, coordenador do Espa\u00e7o da Ci\u00eancia e do Firmamento \u2013 Planet\u00e1rio da UFMA e ex vice-reitor da UFMA, e apoiador do sindicato. O presidente da entidade, Mariano Azevedo, em nome de toda a categoria [&hellip;]<\/p>\n","protected":false},"author":2,"featured_media":0,"comment_status":"open","ping_status":"open","sticky":false,"template":"","format":"standard","meta":[],"categories":[5,8],"tags":[],"_links":{"self":[{"href":"http:\/\/sintema.org.br\/sintema\/wp-json\/wp\/v2\/posts\/12868"}],"collection":[{"href":"http:\/\/sintema.org.br\/sintema\/wp-json\/wp\/v2\/posts"}],"about":[{"href":"http:\/\/sintema.org.br\/sintema\/wp-json\/wp\/v2\/types\/post"}],"author":[{"embeddable":true,"href":"http:\/\/sintema.org.br\/sintema\/wp-json\/wp\/v2\/users\/2"}],"replies":[{"embeddable":true,"href":"http:\/\/sintema.org.br\/sintema\/wp-json\/wp\/v2\/comments?post=12868"}],"version-history":[{"count":1,"href":"http:\/\/sintema.org.br\/sintema\/wp-json\/wp\/v2\/posts\/12868\/revisions"}],"predecessor-version":[{"id":12869,"href":"http:\/\/sintema.org.br\/sintema\/wp-json\/wp\/v2\/posts\/12868\/revisions\/12869"}],"wp:attachment":[{"href":"http:\/\/sintema.org.br\/sintema\/wp-json\/wp\/v2\/media?parent=12868"}],"wp:term":[{"taxonomy":"category","embeddable":true,"href":"http:\/\/sintema.org.br\/sintema\/wp-json\/wp\/v2\/categories?post=12868"},{"taxonomy":"post_tag","embeddable":true,"href":"http:\/\/sintema.org.br\/sintema\/wp-json\/wp\/v2\/tags?post=12868"}],"curies":[{"name":"wp","href":"https:\/\/api.w.org\/{rel}","templated":true}]}}