{"id":12910,"date":"2024-07-30T21:13:11","date_gmt":"2024-07-30T21:13:11","guid":{"rendered":"https:\/\/sintema.org.br\/sintema\/?p=12910"},"modified":"2024-07-30T21:13:13","modified_gmt":"2024-07-30T21:13:13","slug":"sintema-manifesta-pesar-pelo-falecimento-de-leonor-de-jesus-souza","status":"publish","type":"post","link":"http:\/\/sintema.org.br\/sintema\/sintema-manifesta-pesar-pelo-falecimento-de-leonor-de-jesus-souza\/","title":{"rendered":"Sintema manifesta pesar pelo falecimento de Leonor de Jesus Souza"},"content":{"rendered":"\n<figure class=\"wp-block-image size-large\"><img src=\"http:\/\/sintema.org.br\/sintema\/wp-content\/uploads\/2024\/07\/WhatsApp-Image-2024-07-30-at-15.03.05.jpeg\" alt=\"\"\/><\/figure>\n\n\n\n<p>\u00c9 com imenso pesar que a diretoria do Sintema comunica a toda categoria o falecimento da trabalhadora em Educa\u00e7\u00e3o<strong>\u00a0LEONOR DE JESUS SOUZA \u2013 ocorrido na nesta ter\u00e7a-feira, dia 30 de julho.<\/strong>\u00a0Leonor Souza, que j\u00e1 estava aposentada, era irm\u00e3 da diretora do SINTEMA, Maria Clara de Sousa.<\/p>\n\n\n\n<p>.<\/p>\n\n\n\n<p>O vel\u00f3rio ser\u00e1 realizado na Rua Oswaldo Cruz, n. 1214, sala 07 &#8211; Centro &#8211; S\u00e3o Lu\u00eds\/MA, a partir das 18h30 desta ter\u00e7a (30\/7). O sepultamento ser\u00e1 realizado nesta quarta-feira, 31\/7, \u00e0s 10h30, no Cemit\u00e9rio do Gavi\u00e3o, localizado na Rua do Norte, &#8211; Centro &#8211; S\u00e3o Lu\u00eds\/MA.<\/p>\n\n\n\n<p>.<\/p>\n\n\n\n<p>Toda a Dire\u00e7\u00e3o do Sindicato lamenta e se solidariza com familiares e amigos.<\/p>\n\n\n\n<p>.<\/p>\n\n\n\n<p><em>Imprensa Sintema<\/em>.<\/p>\n","protected":false},"excerpt":{"rendered":"<p>\u00c9 com imenso pesar que a diretoria do Sintema comunica a toda categoria o falecimento da trabalhadora em Educa\u00e7\u00e3o\u00a0LEONOR DE JESUS SOUZA \u2013 ocorrido na nesta ter\u00e7a-feira, dia 30 de julho.\u00a0Leonor Souza, que j\u00e1 estava aposentada, era irm\u00e3 da diretora do SINTEMA, Maria Clara de Sousa. . O vel\u00f3rio ser\u00e1 realizado na Rua Oswaldo Cruz, [&hellip;]<\/p>\n","protected":false},"author":2,"featured_media":0,"comment_status":"open","ping_status":"open","sticky":false,"template":"","format":"standard","meta":[],"categories":[5,8],"tags":[],"_links":{"self":[{"href":"http:\/\/sintema.org.br\/sintema\/wp-json\/wp\/v2\/posts\/12910"}],"collection":[{"href":"http:\/\/sintema.org.br\/sintema\/wp-json\/wp\/v2\/posts"}],"about":[{"href":"http:\/\/sintema.org.br\/sintema\/wp-json\/wp\/v2\/types\/post"}],"author":[{"embeddable":true,"href":"http:\/\/sintema.org.br\/sintema\/wp-json\/wp\/v2\/users\/2"}],"replies":[{"embeddable":true,"href":"http:\/\/sintema.org.br\/sintema\/wp-json\/wp\/v2\/comments?post=12910"}],"version-history":[{"count":1,"href":"http:\/\/sintema.org.br\/sintema\/wp-json\/wp\/v2\/posts\/12910\/revisions"}],"predecessor-version":[{"id":12912,"href":"http:\/\/sintema.org.br\/sintema\/wp-json\/wp\/v2\/posts\/12910\/revisions\/12912"}],"wp:attachment":[{"href":"http:\/\/sintema.org.br\/sintema\/wp-json\/wp\/v2\/media?parent=12910"}],"wp:term":[{"taxonomy":"category","embeddable":true,"href":"http:\/\/sintema.org.br\/sintema\/wp-json\/wp\/v2\/categories?post=12910"},{"taxonomy":"post_tag","embeddable":true,"href":"http:\/\/sintema.org.br\/sintema\/wp-json\/wp\/v2\/tags?post=12910"}],"curies":[{"name":"wp","href":"https:\/\/api.w.org\/{rel}","templated":true}]}}