{"id":13078,"date":"2025-01-16T16:53:55","date_gmt":"2025-01-16T16:53:55","guid":{"rendered":"https:\/\/sintema.org.br\/sintema\/?p=13078"},"modified":"2025-01-16T16:57:56","modified_gmt":"2025-01-16T16:57:56","slug":"sintema-comunica-falecimento-da-associada-gloria-maria","status":"publish","type":"post","link":"http:\/\/sintema.org.br\/sintema\/sintema-comunica-falecimento-da-associada-gloria-maria\/","title":{"rendered":"Sintema comunica falecimento da associada Gl\u00f3ria Maria"},"content":{"rendered":"\n<figure class=\"wp-block-image size-large is-resized\"><img loading=\"lazy\" src=\"http:\/\/sintema.org.br\/sintema\/wp-content\/uploads\/2017\/09\/nota-de-falecimento-800.jpg\" alt=\"\" width=\"394\" height=\"245\"\/><\/figure>\n\n\n\n<p>\u00c9 com imenso pesar que a diretoria do Sintema comunica a toda categoria o falecimento do trabalhador em Educa\u00e7\u00e3o<strong>&nbsp;GL\u00d3RIA MARIA CARVALHO DA SILVA \u2013 ocorrido na nesta quarta-feira, dia 15 de janeiro.&nbsp;<\/strong><\/p>\n\n\n\n<p>.<\/p>\n\n\n\n<p>O vel\u00f3rio est\u00e1 ocorrendo na Pax Uni\u00e3o do Canto da Fabril. O sepultamento ser\u00e1 realizado na tarde desta quinta-feira, 16\/01, a partir das 14h (n\u00e3o conseguimos informa\u00e7\u00e3o sobre qual cemit\u00e9rioo corpo ser\u00e1 sepultado).<\/p>\n\n\n\n<p>.<\/p>\n\n\n\n<p>Toda a Dire\u00e7\u00e3o do Sindicato lamenta e se solidariza com familiares e amigos.<\/p>\n\n\n\n<p>.<\/p>\n\n\n\n<p><em>Imprensa Sintema<\/em>.<\/p>\n","protected":false},"excerpt":{"rendered":"<p>\u00c9 com imenso pesar que a diretoria do Sintema comunica a toda categoria o falecimento do trabalhador em Educa\u00e7\u00e3o&nbsp;GL\u00d3RIA MARIA CARVALHO DA SILVA \u2013 ocorrido na nesta quarta-feira, dia 15 de janeiro.&nbsp; . O vel\u00f3rio est\u00e1 ocorrendo na Pax Uni\u00e3o do Canto da Fabril. O sepultamento ser\u00e1 realizado na tarde desta quinta-feira, 16\/01, a partir [&hellip;]<\/p>\n","protected":false},"author":2,"featured_media":0,"comment_status":"open","ping_status":"open","sticky":false,"template":"","format":"standard","meta":[],"categories":[5],"tags":[],"_links":{"self":[{"href":"http:\/\/sintema.org.br\/sintema\/wp-json\/wp\/v2\/posts\/13078"}],"collection":[{"href":"http:\/\/sintema.org.br\/sintema\/wp-json\/wp\/v2\/posts"}],"about":[{"href":"http:\/\/sintema.org.br\/sintema\/wp-json\/wp\/v2\/types\/post"}],"author":[{"embeddable":true,"href":"http:\/\/sintema.org.br\/sintema\/wp-json\/wp\/v2\/users\/2"}],"replies":[{"embeddable":true,"href":"http:\/\/sintema.org.br\/sintema\/wp-json\/wp\/v2\/comments?post=13078"}],"version-history":[{"count":2,"href":"http:\/\/sintema.org.br\/sintema\/wp-json\/wp\/v2\/posts\/13078\/revisions"}],"predecessor-version":[{"id":13080,"href":"http:\/\/sintema.org.br\/sintema\/wp-json\/wp\/v2\/posts\/13078\/revisions\/13080"}],"wp:attachment":[{"href":"http:\/\/sintema.org.br\/sintema\/wp-json\/wp\/v2\/media?parent=13078"}],"wp:term":[{"taxonomy":"category","embeddable":true,"href":"http:\/\/sintema.org.br\/sintema\/wp-json\/wp\/v2\/categories?post=13078"},{"taxonomy":"post_tag","embeddable":true,"href":"http:\/\/sintema.org.br\/sintema\/wp-json\/wp\/v2\/tags?post=13078"}],"curies":[{"name":"wp","href":"https:\/\/api.w.org\/{rel}","templated":true}]}}