{"id":13101,"date":"2025-02-26T22:30:36","date_gmt":"2025-02-26T22:30:36","guid":{"rendered":"https:\/\/sintema.org.br\/sintema\/?p=13101"},"modified":"2025-02-26T22:30:38","modified_gmt":"2025-02-26T22:30:38","slug":"sintema-convoca-assembleia-geral-para-o-dia-27-de-fevereiro","status":"publish","type":"post","link":"http:\/\/sintema.org.br\/sintema\/sintema-convoca-assembleia-geral-para-o-dia-27-de-fevereiro\/","title":{"rendered":"Sintema convoca assembleia geral para o dia 27 de fevereiro"},"content":{"rendered":"\n<p>A Dire\u00e7\u00e3o do Sintema convoca os trabalhadores em educa\u00e7\u00e3o da UFMA, para uma assembleia geral que ocorrer\u00e1 nesta quinta-feira, 27\/2, \u00e0s 9h em primeira chamada e 9h30 em segunda chamada. O ato ocorrer\u00e1 de forma presencial no audit\u00f3rio S\u00e9rgio Ferretti, no Ceb Velho, e tamb\u00e9m ser\u00e1 transmitido via google meet. O link ser\u00e1 encaminhado nos grupos de whatsapp da categoria, meia hora antes da assembleia. Participe!<\/p>\n\n\n\n<figure class=\"wp-block-image size-large\"><img src=\"http:\/\/sintema.org.br\/sintema\/wp-content\/uploads\/2025\/02\/asse.png\" alt=\"\"\/><\/figure>\n\n\n\n<p><\/p>\n","protected":false},"excerpt":{"rendered":"<p>A Dire\u00e7\u00e3o do Sintema convoca os trabalhadores em educa\u00e7\u00e3o da UFMA, para uma assembleia geral que ocorrer\u00e1 nesta quinta-feira, 27\/2, \u00e0s 9h em primeira chamada e 9h30 em segunda chamada. O ato ocorrer\u00e1 de forma presencial no audit\u00f3rio S\u00e9rgio Ferretti, no Ceb Velho, e tamb\u00e9m ser\u00e1 transmitido via google meet. O link ser\u00e1 encaminhado nos [&hellip;]<\/p>\n","protected":false},"author":2,"featured_media":0,"comment_status":"open","ping_status":"open","sticky":false,"template":"","format":"standard","meta":[],"categories":[5],"tags":[],"_links":{"self":[{"href":"http:\/\/sintema.org.br\/sintema\/wp-json\/wp\/v2\/posts\/13101"}],"collection":[{"href":"http:\/\/sintema.org.br\/sintema\/wp-json\/wp\/v2\/posts"}],"about":[{"href":"http:\/\/sintema.org.br\/sintema\/wp-json\/wp\/v2\/types\/post"}],"author":[{"embeddable":true,"href":"http:\/\/sintema.org.br\/sintema\/wp-json\/wp\/v2\/users\/2"}],"replies":[{"embeddable":true,"href":"http:\/\/sintema.org.br\/sintema\/wp-json\/wp\/v2\/comments?post=13101"}],"version-history":[{"count":1,"href":"http:\/\/sintema.org.br\/sintema\/wp-json\/wp\/v2\/posts\/13101\/revisions"}],"predecessor-version":[{"id":13103,"href":"http:\/\/sintema.org.br\/sintema\/wp-json\/wp\/v2\/posts\/13101\/revisions\/13103"}],"wp:attachment":[{"href":"http:\/\/sintema.org.br\/sintema\/wp-json\/wp\/v2\/media?parent=13101"}],"wp:term":[{"taxonomy":"category","embeddable":true,"href":"http:\/\/sintema.org.br\/sintema\/wp-json\/wp\/v2\/categories?post=13101"},{"taxonomy":"post_tag","embeddable":true,"href":"http:\/\/sintema.org.br\/sintema\/wp-json\/wp\/v2\/tags?post=13101"}],"curies":[{"name":"wp","href":"https:\/\/api.w.org\/{rel}","templated":true}]}}