{"id":13158,"date":"2025-04-27T01:15:10","date_gmt":"2025-04-27T01:15:10","guid":{"rendered":"https:\/\/sintema.org.br\/sintema\/?p=13158"},"modified":"2025-04-28T00:21:29","modified_gmt":"2025-04-28T00:21:29","slug":"sintema-divulga-mapa-de-votacao-para-eleicao-de-representantes-sindicais","status":"publish","type":"post","link":"http:\/\/sintema.org.br\/sintema\/sintema-divulga-mapa-de-votacao-para-eleicao-de-representantes-sindicais\/","title":{"rendered":"Sintema divulga Mapa de Vota\u00e7\u00e3o para elei\u00e7\u00e3o de representantes sindicais"},"content":{"rendered":"\n<p>O SINTEMA vai realizar no pr\u00f3ximo dia 15 de maio, elei\u00e7\u00e3o O SINTEMA vai realizar no pr\u00f3ximo dia 15 de maio, elei\u00e7\u00e3o para escolha de representantes sindicais (delegados) ao Bi\u00eanio 2025\/2027, conforme previsto no Estatuto Sindical. A comiss\u00e3o que organiza o processo eleitoral divulgou o Mapa de Vota\u00e7\u00e3o, que indica os setores da universidade e a quais unidades est\u00e3o relacionados. Confira na imagem:<\/p>\n\n\n\n<figure class=\"wp-block-image size-large\"><img src=\"http:\/\/sintema.org.br\/sintema\/wp-content\/uploads\/2025\/04\/MAPA-DE-VOTACAO.jpg\" alt=\"\"\/><\/figure>\n\n\n\n<p><\/p>\n","protected":false},"excerpt":{"rendered":"<p>O SINTEMA vai realizar no pr\u00f3ximo dia 15 de maio, elei\u00e7\u00e3o O SINTEMA vai realizar no pr\u00f3ximo dia 15 de maio, elei\u00e7\u00e3o para escolha de representantes sindicais (delegados) ao Bi\u00eanio 2025\/2027, conforme previsto no Estatuto Sindical. A comiss\u00e3o que organiza o processo eleitoral divulgou o Mapa de Vota\u00e7\u00e3o, que indica os setores da universidade e [&hellip;]<\/p>\n","protected":false},"author":2,"featured_media":0,"comment_status":"open","ping_status":"open","sticky":false,"template":"","format":"standard","meta":[],"categories":[5],"tags":[],"_links":{"self":[{"href":"http:\/\/sintema.org.br\/sintema\/wp-json\/wp\/v2\/posts\/13158"}],"collection":[{"href":"http:\/\/sintema.org.br\/sintema\/wp-json\/wp\/v2\/posts"}],"about":[{"href":"http:\/\/sintema.org.br\/sintema\/wp-json\/wp\/v2\/types\/post"}],"author":[{"embeddable":true,"href":"http:\/\/sintema.org.br\/sintema\/wp-json\/wp\/v2\/users\/2"}],"replies":[{"embeddable":true,"href":"http:\/\/sintema.org.br\/sintema\/wp-json\/wp\/v2\/comments?post=13158"}],"version-history":[{"count":4,"href":"http:\/\/sintema.org.br\/sintema\/wp-json\/wp\/v2\/posts\/13158\/revisions"}],"predecessor-version":[{"id":13165,"href":"http:\/\/sintema.org.br\/sintema\/wp-json\/wp\/v2\/posts\/13158\/revisions\/13165"}],"wp:attachment":[{"href":"http:\/\/sintema.org.br\/sintema\/wp-json\/wp\/v2\/media?parent=13158"}],"wp:term":[{"taxonomy":"category","embeddable":true,"href":"http:\/\/sintema.org.br\/sintema\/wp-json\/wp\/v2\/categories?post=13158"},{"taxonomy":"post_tag","embeddable":true,"href":"http:\/\/sintema.org.br\/sintema\/wp-json\/wp\/v2\/tags?post=13158"}],"curies":[{"name":"wp","href":"https:\/\/api.w.org\/{rel}","templated":true}]}}