{"id":13177,"date":"2025-05-12T12:01:55","date_gmt":"2025-05-12T12:01:55","guid":{"rendered":"https:\/\/sintema.org.br\/sintema\/?p=13177"},"modified":"2025-05-12T12:37:38","modified_gmt":"2025-05-12T12:37:38","slug":"luta-sindical-impulsiona-conquistas-para-tecnicos-administrativos-da-ufma","status":"publish","type":"post","link":"http:\/\/sintema.org.br\/sintema\/luta-sindical-impulsiona-conquistas-para-tecnicos-administrativos-da-ufma\/","title":{"rendered":"Luta sindical impulsiona conquistas para t\u00e9cnico-administrativos da UFMA"},"content":{"rendered":"\n<figure class=\"wp-block-image size-large\"><img src=\"http:\/\/sintema.org.br\/sintema\/wp-content\/uploads\/2025\/05\/destaque-site-sintema-3.png\" alt=\"\"\/><\/figure>\n\n\n\n<p>Ap\u00f3s meses de mobiliza\u00e7\u00e3o e intensas negocia\u00e7\u00f5es, os t\u00e9cnico-administrativos em educa\u00e7\u00e3o da Universidade Federal do Maranh\u00e3o (UFMA) celebram uma importante vit\u00f3ria, fruto da greve de mais de 100 dias liderada em \u00e2mbito local pelo Sindicato dos Trabalhadores em Educa\u00e7\u00e3o de 3\u00ba Grau no Estado do Maranh\u00e3o (Sintema) e pela Federa\u00e7\u00e3o de Sindicatos de Trabalhadores T\u00e9cnico-Administrativos em Institui\u00e7\u00f5es de Ensino Superior P\u00fablicas do Brasil (Fasubra).\u00a0<\/p>\n\n\n\n<p>.<\/p>\n\n\n\n<p>O movimento grevista foi marcado por diversas assembleias, manifesta\u00e7\u00f5es e atos p\u00fablicos, demonstrando a for\u00e7a e a unidade da categoria na defesa de suas reivindica\u00e7\u00f5es. A assinatura do termo de acordo com o Governo Federal no dia 27 de junho de 2024 representou um marco na luta sindical, assegurando conquistas essenciais para os trabalhadores, como o reajuste salarial e a acelera\u00e7\u00e3o da progress\u00e3o por capacita\u00e7\u00e3o.<\/p>\n\n\n\n<p>.<\/p>\n\n\n\n<p>Desde o in\u00edcio do movimento, o Sintema se manteve na linha de frente, articulando di\u00e1logos com a administra\u00e7\u00e3o da Universidade Federal do Maranh\u00e3o (UFMA), e a Fasubra com Minist\u00e9rio da Gest\u00e3o e Inova\u00e7\u00e3o (MGI) e o Minist\u00e9rio da Educa\u00e7\u00e3o (MEC), e pressionando pela efetiva\u00e7\u00e3o das reivindica\u00e7\u00f5es da categoria.&nbsp;<\/p>\n\n\n\n<figure class=\"wp-block-image size-large\"><img src=\"http:\/\/sintema.org.br\/sintema\/wp-content\/uploads\/2024\/05\/IMG_5824.jpg\" alt=\"\"\/><\/figure>\n\n\n\n<p>.<\/p>\n\n\n\n<p>Os avan\u00e7os obtidos n\u00e3o teriam sido poss\u00edveis sem o empenho e a coes\u00e3o da base sindical, que se manteve firme e organizada ao longo do per\u00edodo de paralisa\u00e7\u00e3o. O compromisso da categoria em fortalecer a luta foi essencial para que as reivindica\u00e7\u00f5es fossem atendidas, demonstrando a relev\u00e2ncia da atua\u00e7\u00e3o sindical na defesa dos direitos dos trabalhadores.<\/p>\n\n\n\n<figure class=\"wp-block-image size-full\"><a href=\"http:\/\/sintema.org.br\/sintema\/wp-content\/uploads\/2024\/04\/greve-site.jpg\"><img loading=\"lazy\" width=\"555\" height=\"346\" src=\"http:\/\/sintema.org.br\/sintema\/wp-content\/uploads\/2024\/04\/greve-site.jpg\" alt=\"\" class=\"wp-image-12792\" srcset=\"http:\/\/sintema.org.br\/sintema\/wp-content\/uploads\/2024\/04\/greve-site.jpg 555w, http:\/\/sintema.org.br\/sintema\/wp-content\/uploads\/2024\/04\/greve-site-300x187.jpg 300w\" sizes=\"(max-width: 555px) 100vw, 555px\" \/><\/a><\/figure>\n\n\n\n<p>.<\/p>\n\n\n\n<p><strong>UFMA ANUNCIA IMPLEMENTA\u00c7\u00c3O DAS PROGRESS\u00d5ES<\/strong><\/p>\n\n\n\n<p>.<\/p>\n\n\n\n<p>Como resultado direto das negocia\u00e7\u00f5es conduzidas pelo Sintema, a UFMA anunciou o in\u00edcio imediato das adequa\u00e7\u00f5es referentes \u00e0 progress\u00e3o funcional dos t\u00e9cnico-administrativos, em conformidade com a Medida Provis\u00f3ria n\u00ba 1.286\/2024. A decis\u00e3o beneficia servidores que atendem \u00e0s regras de transi\u00e7\u00e3o estabelecidas pela nova norma, assegurando efeitos retroativos a 1\u00ba de janeiro de 2025.<\/p>\n\n\n\n<p>.<\/p>\n\n\n\n<p>A Pr\u00f3-Reitoria de Gest\u00e3o de Pessoas (PROGEP) ser\u00e1 respons\u00e1vel pela implanta\u00e7\u00e3o do processo, que ocorrer\u00e1 de forma centralizada e sem necessidade de solicita\u00e7\u00e3o individual por parte dos servidores. O reconhecimento da progress\u00e3o funcional representa um avan\u00e7o significativo na valoriza\u00e7\u00e3o dos trabalhadores da UFMA, refor\u00e7ando o papel essencial da categoria na manuten\u00e7\u00e3o de uma educa\u00e7\u00e3o p\u00fablica de qualidade.<\/p>\n\n\n\n<p>.<\/p>\n\n\n\n<figure class=\"wp-block-image size-full is-resized\"><a href=\"http:\/\/sintema.org.br\/sintema\/wp-content\/uploads\/2023\/08\/mobilizacao-10-08-23.png\"><img loading=\"lazy\" src=\"http:\/\/sintema.org.br\/sintema\/wp-content\/uploads\/2023\/08\/mobilizacao-10-08-23.png\" alt=\"\" class=\"wp-image-12580\" width=\"505\" height=\"297\" srcset=\"http:\/\/sintema.org.br\/sintema\/wp-content\/uploads\/2023\/08\/mobilizacao-10-08-23.png 389w, http:\/\/sintema.org.br\/sintema\/wp-content\/uploads\/2023\/08\/mobilizacao-10-08-23-300x177.png 300w\" sizes=\"(max-width: 505px) 100vw, 505px\" \/><\/a><\/figure>\n\n\n\n<p>A vit\u00f3ria alcan\u00e7ada pelos t\u00e9cnico-administrativos da UFMA evidencia a for\u00e7a da mobiliza\u00e7\u00e3o coletiva e a relev\u00e2ncia da atua\u00e7\u00e3o sindical na garantia de direitos. O Sintema reafirma seu compromisso com a defesa da categoria, destacando que cada avan\u00e7o conquistado \u00e9 resultado da persist\u00eancia e da uni\u00e3o dos trabalhadores.<\/p>\n\n\n\n<p>.<\/p>\n\n\n\n<p>Esse momento n\u00e3o apenas celebra uma importante conquista, mas tamb\u00e9m fortalece a luta por melhores condi\u00e7\u00f5es de trabalho e pelo reconhecimento do papel essencial dos t\u00e9cnico-administrativos na constru\u00e7\u00e3o de uma universidade p\u00fablica e acess\u00edvel a todos.<\/p>\n\n\n\n<p>.<\/p>\n\n\n\n<p><em>Impren<\/em>s<em>a Sintema<\/em><\/p>\n","protected":false},"excerpt":{"rendered":"<p>Ap\u00f3s meses de mobiliza\u00e7\u00e3o e intensas negocia\u00e7\u00f5es, os t\u00e9cnico-administrativos em educa\u00e7\u00e3o da Universidade Federal do Maranh\u00e3o (UFMA) celebram uma importante vit\u00f3ria, fruto da greve de mais de 100 dias liderada em \u00e2mbito local pelo Sindicato dos Trabalhadores em Educa\u00e7\u00e3o de 3\u00ba Grau no Estado do Maranh\u00e3o (Sintema) e pela Federa\u00e7\u00e3o de Sindicatos de Trabalhadores T\u00e9cnico-Administrativos [&hellip;]<\/p>\n","protected":false},"author":2,"featured_media":0,"comment_status":"open","ping_status":"open","sticky":false,"template":"","format":"standard","meta":[],"categories":[12,5],"tags":[],"_links":{"self":[{"href":"http:\/\/sintema.org.br\/sintema\/wp-json\/wp\/v2\/posts\/13177"}],"collection":[{"href":"http:\/\/sintema.org.br\/sintema\/wp-json\/wp\/v2\/posts"}],"about":[{"href":"http:\/\/sintema.org.br\/sintema\/wp-json\/wp\/v2\/types\/post"}],"author":[{"embeddable":true,"href":"http:\/\/sintema.org.br\/sintema\/wp-json\/wp\/v2\/users\/2"}],"replies":[{"embeddable":true,"href":"http:\/\/sintema.org.br\/sintema\/wp-json\/wp\/v2\/comments?post=13177"}],"version-history":[{"count":4,"href":"http:\/\/sintema.org.br\/sintema\/wp-json\/wp\/v2\/posts\/13177\/revisions"}],"predecessor-version":[{"id":13185,"href":"http:\/\/sintema.org.br\/sintema\/wp-json\/wp\/v2\/posts\/13177\/revisions\/13185"}],"wp:attachment":[{"href":"http:\/\/sintema.org.br\/sintema\/wp-json\/wp\/v2\/media?parent=13177"}],"wp:term":[{"taxonomy":"category","embeddable":true,"href":"http:\/\/sintema.org.br\/sintema\/wp-json\/wp\/v2\/categories?post=13177"},{"taxonomy":"post_tag","embeddable":true,"href":"http:\/\/sintema.org.br\/sintema\/wp-json\/wp\/v2\/tags?post=13177"}],"curies":[{"name":"wp","href":"https:\/\/api.w.org\/{rel}","templated":true}]}}