{"id":13191,"date":"2025-05-22T21:17:59","date_gmt":"2025-05-22T21:17:59","guid":{"rendered":"https:\/\/sintema.org.br\/sintema\/?p=13191"},"modified":"2025-05-22T21:25:05","modified_gmt":"2025-05-22T21:25:05","slug":"apos-pressao-camara-dos-deputados-aprova-o-projeto-de-lei-que-consolida-o-reajuste-salarial","status":"publish","type":"post","link":"http:\/\/sintema.org.br\/sintema\/apos-pressao-camara-dos-deputados-aprova-o-projeto-de-lei-que-consolida-o-reajuste-salarial\/","title":{"rendered":"Ap\u00f3s press\u00e3o, C\u00e2mara dos Deputados aprova o Projeto de Lei que consolida o reajuste salarial"},"content":{"rendered":"\n<figure class=\"wp-block-image size-large\"><img src=\"http:\/\/sintema.org.br\/sintema\/wp-content\/uploads\/2013\/02\/camaradeputadosessa1.jpg\" alt=\"\"\/><\/figure>\n\n\n\n<p>&nbsp;Nesta quarta-feira (21), a C\u00e2mara dos Deputados aprovou o Projeto de Lei que consolida o reajuste dos servidores p\u00fablicos federais por 388 votos a favor e 43 contr\u00e1rios. A mat\u00e9ria segue para aprecia\u00e7\u00e3o do Senado.&nbsp;&nbsp;<\/p>\n\n\n\n<p>&nbsp;A aprova\u00e7\u00e3o do Projeto de Lei pelos deputados \u00e9 o primeiro passo para garantir a legalidade do reajuste acordado, em 2024, entre governo e as entidades representativas do conjunto dos servidores p\u00fablicos federais, que estava amea\u00e7ado pelo prazo de validade da Medida Provis\u00f3ria 1.286\/2024. No debate do PL o tema da Reforma Administrativa e suas amea\u00e7as ao servi\u00e7o p\u00fablico tamb\u00e9m se tornou presente. Estaremos atentos para n\u00e3o termos retrocesso!<\/p>\n\n\n\n<p>&nbsp;Essa recomposi\u00e7\u00e3o salarial \u00e9 fruto do intenso processo de mobiliza\u00e7\u00e3o e negocia\u00e7\u00e3o entre o governo e as entidades classistas do funcionalismo p\u00fablico.&nbsp;<\/p>\n\n\n\n<p>\u00a0Seguiremos a mobiliza\u00e7\u00e3o pela aprova\u00e7\u00e3o do PL n\u00ba 1.466\/2025 no Senado e contra as reformas administrativas infraconstitucionais apresentadas pelo Executivo.<\/p>\n\n\n\n<p>.<\/p>\n\n\n\n<p>Fonte: Fonasefe<\/p>\n","protected":false},"excerpt":{"rendered":"<p>&nbsp;Nesta quarta-feira (21), a C\u00e2mara dos Deputados aprovou o Projeto de Lei que consolida o reajuste dos servidores p\u00fablicos federais por 388 votos a favor e 43 contr\u00e1rios. A mat\u00e9ria segue para aprecia\u00e7\u00e3o do Senado.&nbsp;&nbsp; &nbsp;A aprova\u00e7\u00e3o do Projeto de Lei pelos deputados \u00e9 o primeiro passo para garantir a legalidade do reajuste acordado, em [&hellip;]<\/p>\n","protected":false},"author":2,"featured_media":0,"comment_status":"open","ping_status":"open","sticky":false,"template":"","format":"standard","meta":[],"categories":[5,18],"tags":[],"_links":{"self":[{"href":"http:\/\/sintema.org.br\/sintema\/wp-json\/wp\/v2\/posts\/13191"}],"collection":[{"href":"http:\/\/sintema.org.br\/sintema\/wp-json\/wp\/v2\/posts"}],"about":[{"href":"http:\/\/sintema.org.br\/sintema\/wp-json\/wp\/v2\/types\/post"}],"author":[{"embeddable":true,"href":"http:\/\/sintema.org.br\/sintema\/wp-json\/wp\/v2\/users\/2"}],"replies":[{"embeddable":true,"href":"http:\/\/sintema.org.br\/sintema\/wp-json\/wp\/v2\/comments?post=13191"}],"version-history":[{"count":3,"href":"http:\/\/sintema.org.br\/sintema\/wp-json\/wp\/v2\/posts\/13191\/revisions"}],"predecessor-version":[{"id":13195,"href":"http:\/\/sintema.org.br\/sintema\/wp-json\/wp\/v2\/posts\/13191\/revisions\/13195"}],"wp:attachment":[{"href":"http:\/\/sintema.org.br\/sintema\/wp-json\/wp\/v2\/media?parent=13191"}],"wp:term":[{"taxonomy":"category","embeddable":true,"href":"http:\/\/sintema.org.br\/sintema\/wp-json\/wp\/v2\/categories?post=13191"},{"taxonomy":"post_tag","embeddable":true,"href":"http:\/\/sintema.org.br\/sintema\/wp-json\/wp\/v2\/tags?post=13191"}],"curies":[{"name":"wp","href":"https:\/\/api.w.org\/{rel}","templated":true}]}}