{"id":13216,"date":"2025-10-30T23:17:25","date_gmt":"2025-10-30T23:17:25","guid":{"rendered":"https:\/\/sintema.org.br\/sintema\/?p=13216"},"modified":"2025-10-30T23:51:40","modified_gmt":"2025-10-30T23:51:40","slug":"em-assembleia-categoria-aprova-manutencao-do-estado-de-greve-e-mobilizacao-contra-a-pec-38-2025","status":"publish","type":"post","link":"http:\/\/sintema.org.br\/sintema\/em-assembleia-categoria-aprova-manutencao-do-estado-de-greve-e-mobilizacao-contra-a-pec-38-2025\/","title":{"rendered":"Em Assembleia categoria aprova manuten\u00e7\u00e3o do estado de greve e mobiliza\u00e7\u00e3o contra a PEC 38\/2025"},"content":{"rendered":"\n<p><strong><em>Durante o encontro, os\/as trabalhadores\/as tamb\u00e9m discutiram sobre CIS, relota\u00e7\u00e3o e remo\u00e7\u00e3o, representa\u00e7\u00e3o interna e ass\u00e9dio moral <\/em><\/strong><\/p>\n\n\n\n<figure class=\"wp-block-image size-large\"><img src=\"http:\/\/sintema.org.br\/sintema\/wp-content\/uploads\/2025\/10\/DESTAQUE555.png\" alt=\"\"\/><\/figure>\n\n\n\n<p>Na manh\u00e3 desta quinta-feira, 30 de outubro, servidores\/as da base do Sintema participaram de uma assembleia geral h\u00edbrida \u2014 presencial e virtual \u2014 realizada no Audit\u00f3rio S\u00e9rgio Ferretti. Conduzida pelo presidente do sindicato, Mariano Azevedo, a atividade teve como pauta principal os informes locais e nacionais, os desdobramentos da mesa de negocia\u00e7\u00e3o com o governo federal, e os pr\u00f3ximos passos da mobiliza\u00e7\u00e3o contra a Reforma Administrativa, materializada na PEC 38\/2025.<\/p>\n\n\n\n<p>.<\/p>\n\n\n\n<p>Durante a assembleia, foi aprovada por ampla maioria a manuten\u00e7\u00e3o do estado de greve, em defesa do cumprimento integral do acordo firmado com o governo federal ao final da greve de 2024. Os servidores tamb\u00e9m deliberaram pela aceita\u00e7\u00e3o da reposi\u00e7\u00e3o de 17,5% no aux\u00edlio alimenta\u00e7\u00e3o, proposta pelo governo, elevando o valor de R$1.000,00 para R$1.175,00. No entanto, refor\u00e7aram que a luta pela equipara\u00e7\u00e3o do benef\u00edcio entre os tr\u00eas poderes continua, tendo como refer\u00eancia o valor praticado no Judici\u00e1rio.<\/p>\n\n\n\n<p>.<\/p>\n\n\n\n<p>A Reforma Administrativa foi outro ponto central da discuss\u00e3o. Os\/As servidores\/as aprovaram uma s\u00e9rie de a\u00e7\u00f5es de mobiliza\u00e7\u00e3o contra a PEC 38, que amea\u00e7a direitos hist\u00f3ricos do funcionalismo p\u00fablico. Entre as iniciativas est\u00e3o: uma live com advogado e lideran\u00e7a nacional para esclarecer os impactos da proposta; atividades nos locais de trabalho para alertar sobre os malef\u00edcios da PEC; e uma reuni\u00e3o virtual espec\u00edfica voltada aos servidores em trabalho remoto (PGD), que podem ser diretamente afetados pela tentativa de extin\u00e7\u00e3o do teletrabalho.<\/p>\n\n\n\n<p>.<\/p>\n\n\n\n<p>Em articula\u00e7\u00e3o com centrais sindicais e outras entidades, o Sintema tamb\u00e9m participar\u00e1 de visitas aos deputados federais do Maranh\u00e3o para solicitar apoio contra a PEC 38. Dos 18 parlamentares da bancada maranhense, apenas cinco assinaram em favor do protocolo da proposta at\u00e9 o momento (Pastor Gil, Josivaldo JP, Allan Garc\u00eas, Pedro Lucas Fernandes, e Alu\u00edsio Mendes). A mobiliza\u00e7\u00e3o seguir\u00e1 com o objetivo de buscar a retirada destas cinco assinaturas e ampliar o apoio e garantir que os demais deputados se posicionem em defesa dos\/as servidores\/as p\u00fablicos\/as e contra a PEC 38.<\/p>\n\n\n\n<p>.<\/p>\n\n\n\n<p> <strong>COMISS\u00c3O INTERNA DE SUPERVIS\u00c3O DA CARREIRA (CIS)<\/strong> <\/p>\n\n\n\n<p>A assembleia aprovou a realiza\u00e7\u00e3o imediata das elei\u00e7\u00f5es para novos membros da Comiss\u00e3o Interna de Supervis\u00e3o da Carreira (CIS), conforme previsto na Lei 11.091\/2005. Tamb\u00e9m ser\u00e1 solicitada pauta na pr\u00f3xima reuni\u00e3o do CONSUN para aprova\u00e7\u00e3o do Regimento da CIS, documento j\u00e1 apresentado ao conselho.<\/p>\n\n\n\n<figure class=\"wp-block-image size-full\"><a href=\"http:\/\/sintema.org.br\/sintema\/wp-content\/uploads\/2025\/10\/todos555-1.png\"><img loading=\"lazy\" width=\"555\" height=\"369\" src=\"http:\/\/sintema.org.br\/sintema\/wp-content\/uploads\/2025\/10\/todos555-1.png\" alt=\"\" class=\"wp-image-13215\" srcset=\"http:\/\/sintema.org.br\/sintema\/wp-content\/uploads\/2025\/10\/todos555-1.png 555w, http:\/\/sintema.org.br\/sintema\/wp-content\/uploads\/2025\/10\/todos555-1-300x199.png 300w\" sizes=\"(max-width: 555px) 100vw, 555px\" \/><\/a><\/figure>\n\n\n\n<p>.<\/p>\n\n\n\n<p>Al\u00e9m disso, o Sintema reivindicar\u00e1 \u00e0 Reitoria e ao CONSUN, a restitui\u00e7\u00e3o da representa\u00e7\u00e3o t\u00e9cnico-administrativa nas Assembleias de Curso, na propor\u00e7\u00e3o de um d\u00e9cimo em rela\u00e7\u00e3o aos membros docentes. Essa representa\u00e7\u00e3o, antes garantida pela Resolu\u00e7\u00e3o n\u00ba 416-CONSUN (09\/05\/2022), foi retirada pelo Regimento Geral da UFMA por meio da Resolu\u00e7\u00e3o n\u00ba 550-CONSUN (27\/02\/2025). A retomada desse direito fortalece a participa\u00e7\u00e3o democr\u00e1tica da categoria nas inst\u00e2ncias decis\u00f3rias da universidade.<\/p>\n\n\n\n<p>.<\/p>\n\n\n\n<h4><strong>POL\u00cdTICA DE DISTRIBUI\u00c7\u00c3O E MOVIMENTA\u00c7\u00c3O DOS\/AS T\u00c9CNICOS\/AS<\/strong><\/h4>\n\n\n\n<p>O Grupo de Trabalho de Valoriza\u00e7\u00e3o do Sintema discutiu a cria\u00e7\u00e3o de uma pol\u00edtica institucional para distribui\u00e7\u00e3o e movimenta\u00e7\u00e3o dos t\u00e9cnico-administrativos da UFMA. A proposta visa garantir editais regulares de relota\u00e7\u00e3o e remo\u00e7\u00e3o, com crit\u00e9rios objetivos, ison\u00f4micos, vocacionais e voltados \u00e0 sa\u00fade laboral e ao bem-estar biopsicossocial da categoria.<\/p>\n\n\n\n<p>.<\/p>\n\n\n\n<p>A urg\u00eancia da medida se intensifica diante da previs\u00e3o de abertura de cerca de 100 novas vagas t\u00e9cnicas pela UFMA. Para viabilizar a pol\u00edtica, foi ratificada a cria\u00e7\u00e3o de uma Comiss\u00e3o T\u00e9cnica, composta por um representante titular e um suplente de cada unidade administrativa e acad\u00eamica, com indica\u00e7\u00e3o feita pelo Sintema.<\/p>\n\n\n\n<p>.<\/p>\n\n\n\n<h4><strong>ASS\u00c9DIO MORAL EM FOCO<\/strong><\/h4>\n\n\n\n<p>Durante o debate sobre movimenta\u00e7\u00e3o interna, foi destacada a recorr\u00eancia de casos de ass\u00e9dio moral na universidade. O tema ser\u00e1 aprofundado na pr\u00f3xima assembleia geral, prevista para os dias 5 ou 6 de novembro. Na ocasi\u00e3o, tamb\u00e9m ser\u00e3o definidos os representantes da Comiss\u00e3o T\u00e9cnica e encaminhada a elei\u00e7\u00e3o da CIS.<\/p>\n\n\n\n<p>.<\/p>\n\n\n\n<p><em>Imprensa Sintema<\/em><\/p>\n","protected":false},"excerpt":{"rendered":"<p>Durante o encontro, os\/as trabalhadores\/as tamb\u00e9m discutiram sobre CIS, relota\u00e7\u00e3o e remo\u00e7\u00e3o, representa\u00e7\u00e3o interna e ass\u00e9dio moral Na manh\u00e3 desta quinta-feira, 30 de outubro, servidores\/as da base do Sintema participaram de uma assembleia geral h\u00edbrida \u2014 presencial e virtual \u2014 realizada no Audit\u00f3rio S\u00e9rgio Ferretti. Conduzida pelo presidente do sindicato, Mariano Azevedo, a atividade teve [&hellip;]<\/p>\n","protected":false},"author":2,"featured_media":0,"comment_status":"open","ping_status":"open","sticky":false,"template":"","format":"standard","meta":[],"categories":[5],"tags":[],"_links":{"self":[{"href":"http:\/\/sintema.org.br\/sintema\/wp-json\/wp\/v2\/posts\/13216"}],"collection":[{"href":"http:\/\/sintema.org.br\/sintema\/wp-json\/wp\/v2\/posts"}],"about":[{"href":"http:\/\/sintema.org.br\/sintema\/wp-json\/wp\/v2\/types\/post"}],"author":[{"embeddable":true,"href":"http:\/\/sintema.org.br\/sintema\/wp-json\/wp\/v2\/users\/2"}],"replies":[{"embeddable":true,"href":"http:\/\/sintema.org.br\/sintema\/wp-json\/wp\/v2\/comments?post=13216"}],"version-history":[{"count":3,"href":"http:\/\/sintema.org.br\/sintema\/wp-json\/wp\/v2\/posts\/13216\/revisions"}],"predecessor-version":[{"id":13220,"href":"http:\/\/sintema.org.br\/sintema\/wp-json\/wp\/v2\/posts\/13216\/revisions\/13220"}],"wp:attachment":[{"href":"http:\/\/sintema.org.br\/sintema\/wp-json\/wp\/v2\/media?parent=13216"}],"wp:term":[{"taxonomy":"category","embeddable":true,"href":"http:\/\/sintema.org.br\/sintema\/wp-json\/wp\/v2\/categories?post=13216"},{"taxonomy":"post_tag","embeddable":true,"href":"http:\/\/sintema.org.br\/sintema\/wp-json\/wp\/v2\/tags?post=13216"}],"curies":[{"name":"wp","href":"https:\/\/api.w.org\/{rel}","templated":true}]}}