{"id":3183,"date":"2012-11-19T12:18:16","date_gmt":"2012-11-19T12:18:16","guid":{"rendered":"http:\/\/sintema.org.br\/sintema\/?p=3183"},"modified":"2012-11-19T12:18:16","modified_gmt":"2012-11-19T12:18:16","slug":"fasubra-na-luta-contra-o-cancer-de-prostata","status":"publish","type":"post","link":"http:\/\/sintema.org.br\/sintema\/fasubra-na-luta-contra-o-cancer-de-prostata\/","title":{"rendered":"FASUBRA NA LUTA CONTRA O C\u00c2NCER DE PR\u00d3STATA"},"content":{"rendered":"<p><a href=\"http:\/\/sintema.org.br\/sintema\/wp-content\/uploads\/2012\/11\/novembroazul.jpg\"><img loading=\"lazy\" class=\"alignnone size-large wp-image-3184\" title=\"novembroazul\" src=\"http:\/\/sintema.org.br\/sintema\/wp-content\/uploads\/2012\/11\/novembroazul-500x333.jpg\" alt=\"\" width=\"500\" height=\"333\" srcset=\"http:\/\/sintema.org.br\/sintema\/wp-content\/uploads\/2012\/11\/novembroazul-500x333.jpg 500w, http:\/\/sintema.org.br\/sintema\/wp-content\/uploads\/2012\/11\/novembroazul-300x200.jpg 300w, http:\/\/sintema.org.br\/sintema\/wp-content\/uploads\/2012\/11\/novembroazul.jpg 600w\" sizes=\"(max-width: 500px) 100vw, 500px\" \/><\/a><\/p>\n<p>&nbsp;<\/p>\n<p>Se na FASUBRA Outubro foi o m\u00eas cor-de-rosa, por conta do apoio da federa\u00e7\u00e3o \u00e0 Campanha Outubro Rosa &#8211; de combate ao c\u00e2ncer de mama -, Novembro \u00e9 de incentivo total para que todos os homens, principalmente os t\u00e9cnico-administrativos das IFES, participem da Campanha Novembro Azul, que tem no s\u00e1bado (17), o ponto central, pois \u00e9 quando se realiza em todo o mundo o Dia Mundial de Combate ao C\u00e2ncer de Pr\u00f3stata.<\/p>\n<p>A campanha serve de alerta e tem por objetivo incentivar homens com idade a partir de 50 anos, a procurar os postos de sa\u00fade, para realizarem os exames de rotina e precaverem-se contra a doen\u00e7a. Isso porque, quando diagnosticado logo no in\u00edcio, os riscos de morte da pessoa j\u00e1 acometida pelo c\u00e2ncer s\u00e3o bastante reduzidos.<\/p>\n<p>O c\u00e2ncer de pr\u00f3stata, de acordo com o Instituto Nacional do C\u00e2ncer, \u00e9 o segundo que mais atinge os homens, sendo superado apenas pelo c\u00e2ncer de pele e ocupa a sexta posi\u00e7\u00e3o entre os c\u00e2nceres que se manifestam no sexo masculino, sendo respons\u00e1vel por 10% do total de casos registrados no planeta.<\/p>\n<p>O que \u00e9 \u2013 Esse tipo de c\u00e2ncer gera um tumor na gl\u00e2ndula pr\u00f3stata que integra o aparelho reprodutor masculino e \u00e9 respons\u00e1vel pelo armazenamento do flu\u00eddo seminal.<\/p>\n<p>Preven\u00e7\u00e3o \u2013 M\u00e9dicos especialistas apontam como formas de preven\u00e7\u00e3o que os homens tenham uma dieta rica em frutas, verduras, legumes, gr\u00e3os e cereais integrais e com baixo teor de gordura, mantenham o h\u00e1bito de fazer atividades f\u00edsicas diariamente, permane\u00e7am com peso proporcional \u00e0 altura e abdiquem do fumo e do \u00e1lcool.<\/p>\n<p>Sintomas \u2013 Uma das raz\u00f5es pelas quais as campanhas contra o c\u00e2ncer de pr\u00f3stata existem \u00e9 que ele \u00e9 uma doen\u00e7a silenciosa, cujo tumor cresce at\u00e9 certo ponto sem sintomas. Somente em est\u00e1gios mais avan\u00e7ados, o paciente pode sentir dificuldades para urinar, ter a sensa\u00e7\u00e3o de que a bexiga n\u00e3o foi totalmente esvaziada e detectar a presen\u00e7a de sangue na urina.<\/p>\n<p>Exames \u2013 Considerada uma doen\u00e7a da terceira idade, pois mais de tr\u00eas quartos dos casos acometem homens com idade superior a 65 anos, o c\u00e2ncer de pr\u00f3stata normalmente demora a ser diagnosticado por conta da reserva (preconceito) que a popula\u00e7\u00e3o masculina tem com rela\u00e7\u00e3o ao exame de toque retal.<\/p>\n<p>Esse \u00e9 o exame mais eficiente para detectar a doen\u00e7a, principalmente quando aliado ao exame de sangue espec\u00edfico (PSA,) que identifica a presen\u00e7a de uma prote\u00edna produzida na pr\u00f3stata, e que seria o indicativo de que a pessoa desenvolve o c\u00e2ncer.<\/p>\n<p>Tratamento \u2013 Caso seja realmente constatado, o c\u00e2ncer de pr\u00f3stata pode ser tratado por meio de radioterapia, cirurgia e at\u00e9 mesmo tratamento hormonal. Quando j\u00e1 est\u00e1 em fase metast\u00e1tica (tendo se expandido para outras partes do corpo), a forma de tratamento envolvida \u00e9 a terapia hormonal.<\/p>\n<p>Pr\u00f3stata \u2013 Apr\u00f3stata \u00e9 uma gl\u00e2ndula masculina localizada na parte baixa do abd\u00f4men, cuja forma assemelha-se \u00e0 de uma ma\u00e7a, localizando-se abaixo da bexiga e \u00e0 frente do reto.<\/p>\n<p>Para que o homem se previna contra a doen\u00e7a, a Sociedade Brasileira de Urologia aconselha que todos os homens, com idade superior a 45 anos (se constatado casos da doen\u00e7a na fam\u00edlia), fa\u00e7am o exame uma vez a cada ano, com exig\u00eancia de que o m\u00e9dico realize o toque retal e o exame de sangue PSA (ant\u00edgeno prost\u00e1tico espec\u00edfico).<\/p>\n<p>Assim, homens e mulheres, que formam os T\u00e9cnico-administrativos das IFES, entrem na luta da FASUBRA que apoia inteiramente a Campanha Novembro Azul e incentive, recomende os cuidados preventivos que se deve adotar contra a doen\u00e7a. Afinal, na vida nada \u00e9 mais importante que a sa\u00fade.<\/p>\n<p>____________________________________________________________________________________<\/p>\n<p><em><strong>Fonte: www.fasubra.org.br<\/strong><\/em><\/p>\n<p>Por: Carla Jurumenha \u2013 ASCOM FASUBRA Sindical<\/p>\n","protected":false},"excerpt":{"rendered":"<p>&nbsp; Se na FASUBRA Outubro foi o m\u00eas cor-de-rosa, por conta do apoio da federa\u00e7\u00e3o \u00e0 Campanha Outubro Rosa &#8211; de combate ao c\u00e2ncer de mama -, Novembro \u00e9 de incentivo total para que todos os homens, principalmente os t\u00e9cnico-administrativos das IFES, participem da Campanha Novembro Azul, que tem no s\u00e1bado (17), o ponto central, [&hellip;]<\/p>\n","protected":false},"author":2,"featured_media":0,"comment_status":"open","ping_status":"open","sticky":false,"template":"","format":"standard","meta":[],"categories":[5,18],"tags":[],"_links":{"self":[{"href":"http:\/\/sintema.org.br\/sintema\/wp-json\/wp\/v2\/posts\/3183"}],"collection":[{"href":"http:\/\/sintema.org.br\/sintema\/wp-json\/wp\/v2\/posts"}],"about":[{"href":"http:\/\/sintema.org.br\/sintema\/wp-json\/wp\/v2\/types\/post"}],"author":[{"embeddable":true,"href":"http:\/\/sintema.org.br\/sintema\/wp-json\/wp\/v2\/users\/2"}],"replies":[{"embeddable":true,"href":"http:\/\/sintema.org.br\/sintema\/wp-json\/wp\/v2\/comments?post=3183"}],"version-history":[{"count":1,"href":"http:\/\/sintema.org.br\/sintema\/wp-json\/wp\/v2\/posts\/3183\/revisions"}],"predecessor-version":[{"id":3185,"href":"http:\/\/sintema.org.br\/sintema\/wp-json\/wp\/v2\/posts\/3183\/revisions\/3185"}],"wp:attachment":[{"href":"http:\/\/sintema.org.br\/sintema\/wp-json\/wp\/v2\/media?parent=3183"}],"wp:term":[{"taxonomy":"category","embeddable":true,"href":"http:\/\/sintema.org.br\/sintema\/wp-json\/wp\/v2\/categories?post=3183"},{"taxonomy":"post_tag","embeddable":true,"href":"http:\/\/sintema.org.br\/sintema\/wp-json\/wp\/v2\/tags?post=3183"}],"curies":[{"name":"wp","href":"https:\/\/api.w.org\/{rel}","templated":true}]}}