{"id":3206,"date":"2012-11-23T20:47:12","date_gmt":"2012-11-23T20:47:12","guid":{"rendered":"http:\/\/sintema.org.br\/sintema\/?p=3206"},"modified":"2012-11-23T20:47:12","modified_gmt":"2012-11-23T20:47:12","slug":"sintema-envia-caravana-ao-xxi-seminario-nacional-de-seguranca-das-ipes","status":"publish","type":"post","link":"http:\/\/sintema.org.br\/sintema\/sintema-envia-caravana-ao-xxi-seminario-nacional-de-seguranca-das-ipes\/","title":{"rendered":"Sintema envia caravana ao XXI Semin\u00e1rio Nacional de Seguran\u00e7a das IPES"},"content":{"rendered":"<p><a href=\"http:\/\/sintema.org.br\/sintema\/wp-content\/uploads\/2012\/11\/seminariovigilantes1.jpg\"><img loading=\"lazy\" class=\"alignnone size-large wp-image-3207\" title=\"seminariovigilantes1\" src=\"http:\/\/sintema.org.br\/sintema\/wp-content\/uploads\/2012\/11\/seminariovigilantes1-500x375.jpg\" alt=\"\" width=\"500\" height=\"375\" srcset=\"http:\/\/sintema.org.br\/sintema\/wp-content\/uploads\/2012\/11\/seminariovigilantes1-500x375.jpg 500w, http:\/\/sintema.org.br\/sintema\/wp-content\/uploads\/2012\/11\/seminariovigilantes1-300x225.jpg 300w, http:\/\/sintema.org.br\/sintema\/wp-content\/uploads\/2012\/11\/seminariovigilantes1.jpg 532w\" sizes=\"(max-width: 500px) 100vw, 500px\" \/><\/a><\/p>\n<p>O Sintema est\u00e1 ap\u00f3iando a realiza\u00e7\u00e3o do XXI Semin\u00e1rio Nacional de Seguran\u00e7a das IPES, que acontecer\u00e1 de 26 de novembro \u00e0 1\u00ba de dezembro de 2012, em Bel\u00e9m-PA.<\/p>\n<p>A FASUBRA SINDICAL tamb\u00e9m ap\u00f3ia a realiza\u00e7\u00e3o do evento.<\/p>\n<p>A delega\u00e7\u00e3o enviada pelo Sintema \u00e9 composta por oito servidores. Entre eles, Mariano Azevedo, presidente do Sindicato, que acompanhar\u00e1 de perto as discuss\u00f5es sobre as pol\u00eamicas que envolvem a luta por v\u00e1rios direitos espec\u00edficos para estes trabalhadores.<\/p>\n<p>Acompanhe a seguir a programa\u00e7\u00e3o do evento.<\/p>\n<p>&nbsp;<\/p>\n<p align=\"center\"><strong>Programa\u00e7\u00e3o do XXI Semin\u00e1rio Nacional de Seguran\u00e7a das IPES<\/strong><\/p>\n<p><em><strong>Dia 26 de novembro.<\/strong><\/em><\/p>\n<p>8h \u2013 Abertura do credenciamento.<\/p>\n<p>9h- Abertura oficial e leitura do regimento.<\/p>\n<p>12h- Almo\u00e7o.<\/p>\n<p>14h- Conjuntura Nacional, EBSERH \u2013 Fasubra.<\/p>\n<p>16h- Anexo III e IV da lei 11091\/05 e decreto 5824\/06 C.I.S e Fasubra.<\/p>\n<p>18h- Encerramento do primeiro dia de credenciamento. Reabertura dia 27 das 8h at\u00e9 \u00e0s 12h. Sem preju\u00edzo de recursos<\/p>\n<p>19h- Jantar.<\/p>\n<p><em><strong>27 de novembro.\u00a0<\/strong><\/em><\/p>\n<p>8h \u2013 Reabertura do credenciamento, e Palestra Projetos de lei em tramita\u00e7\u00e3o no Congresso Nacional.<\/p>\n<p>10h- Palestra: Pol\u00edticas afirmativas.<\/p>\n<p>12h- Almo\u00e7o, e encerramento do credenciamento.<\/p>\n<p>14h- Palestra: Gerenciamento de crise (voltado para as IPES).<\/p>\n<p>16h- Palestra: Seguran\u00e7a eletr\u00f4nica (voltada para as IPES).<\/p>\n<p>19h- Jantar.<\/p>\n<p><em><strong>28 de novembro.<\/strong><\/em><\/p>\n<p>8h- Palestra: Qualidade de vida e meio ambiente.<\/p>\n<p>Palestrante.<\/p>\n<p>10h &#8211; Direitos Humanos e seguran\u00e7a nas IPES.<\/p>\n<p>Palestrante.<\/p>\n<p>12h- Almo\u00e7o.<\/p>\n<p>14h &#8211; Painel informativo \u2013 Educa\u00e7\u00e3o e seguran\u00e7a no Tr\u00e2nsito nas IPES.<\/p>\n<p>Palestrante.<\/p>\n<p>16h-Palestra: Legisla\u00e7\u00e3o e suas contradi\u00e7\u00f5es na seguran\u00e7a das IPES.<\/p>\n<ol>\n<li>A.Uso ou n\u00e3o do armamento.<\/li>\n<li>B.Assessoria jur\u00eddica ao vigilante em servi\u00e7o.<\/li>\n<li>C.Limite do uso da autoridade.<\/li>\n<\/ol>\n<p>Palestrante.<\/p>\n<p>19h- Jantar.<\/p>\n<p><em><strong>29 de novembro<\/strong><\/em><\/p>\n<p>8h- Trabalhos em grupo.<\/p>\n<p>12h- Almo\u00e7o.<\/p>\n<p>14- Evento cultural.<\/p>\n<p>19h- Jantar.<\/p>\n<p>30 de Novembro.<\/p>\n<p>9h- Plen\u00e1ria final Leitura e aprova\u00e7\u00e3o das propostas dos grupos de trabalho.<\/p>\n<p>12h- Almo\u00e7o.<\/p>\n<p>14- Continua\u00e7\u00e3o da plen\u00e1ria final e Elei\u00e7\u00e3o da sede do XXII.<\/p>\n<p>Elei\u00e7\u00e3o da coordena\u00e7\u00e3o do XXII Semin\u00e1rio das IPES.<\/p>\n<p>OBS: Em aten\u00e7\u00e3o ao relat\u00f3rio final do XX semin\u00e1rio nacional realizado em Pelotas, RS, foi colocado em consulta sobre o novo modelo de processo eleitoral para a coordena\u00e7\u00e3o do XXII Semin\u00e1rio Nacional de seguran\u00e7a das IPES foi colocado que deveria ser feito nos mesmos moldes da FASUBRA e que seja mantido o modelo atual, ap\u00f3s ampla discuss\u00e3o e colocado em vota\u00e7\u00e3o, ficou mantido o sistema atual com a dois votos contra e duas absten\u00e7\u00f5es.<\/p>\n<p>19- jantar.<\/p>\n<p><em><strong>1\u00b0 Dezembro<\/strong><\/em><\/p>\n<p>9h- Entrega dos certificados e encerramento.<\/p>\n<p><em><strong>Servi\u00e7o<\/strong><\/em>: Quem quiser mais informa\u00e7\u00f5es sobre o evento, por favor, ligar para a organiza\u00e7\u00e3o, nos telefones: (91) 3201-7390 e 3201-8220<\/p>\n","protected":false},"excerpt":{"rendered":"<p>O Sintema est\u00e1 ap\u00f3iando a realiza\u00e7\u00e3o do XXI Semin\u00e1rio Nacional de Seguran\u00e7a das IPES, que acontecer\u00e1 de 26 de novembro \u00e0 1\u00ba de dezembro de 2012, em Bel\u00e9m-PA. A FASUBRA SINDICAL tamb\u00e9m ap\u00f3ia a realiza\u00e7\u00e3o do evento. A delega\u00e7\u00e3o enviada pelo Sintema \u00e9 composta por oito servidores. Entre eles, Mariano Azevedo, presidente do Sindicato, que [&hellip;]<\/p>\n","protected":false},"author":2,"featured_media":0,"comment_status":"open","ping_status":"open","sticky":false,"template":"","format":"standard","meta":[],"categories":[5],"tags":[],"_links":{"self":[{"href":"http:\/\/sintema.org.br\/sintema\/wp-json\/wp\/v2\/posts\/3206"}],"collection":[{"href":"http:\/\/sintema.org.br\/sintema\/wp-json\/wp\/v2\/posts"}],"about":[{"href":"http:\/\/sintema.org.br\/sintema\/wp-json\/wp\/v2\/types\/post"}],"author":[{"embeddable":true,"href":"http:\/\/sintema.org.br\/sintema\/wp-json\/wp\/v2\/users\/2"}],"replies":[{"embeddable":true,"href":"http:\/\/sintema.org.br\/sintema\/wp-json\/wp\/v2\/comments?post=3206"}],"version-history":[{"count":2,"href":"http:\/\/sintema.org.br\/sintema\/wp-json\/wp\/v2\/posts\/3206\/revisions"}],"predecessor-version":[{"id":3209,"href":"http:\/\/sintema.org.br\/sintema\/wp-json\/wp\/v2\/posts\/3206\/revisions\/3209"}],"wp:attachment":[{"href":"http:\/\/sintema.org.br\/sintema\/wp-json\/wp\/v2\/media?parent=3206"}],"wp:term":[{"taxonomy":"category","embeddable":true,"href":"http:\/\/sintema.org.br\/sintema\/wp-json\/wp\/v2\/categories?post=3206"},{"taxonomy":"post_tag","embeddable":true,"href":"http:\/\/sintema.org.br\/sintema\/wp-json\/wp\/v2\/tags?post=3206"}],"curies":[{"name":"wp","href":"https:\/\/api.w.org\/{rel}","templated":true}]}}