{"id":3216,"date":"2012-11-27T12:29:18","date_gmt":"2012-11-27T12:29:18","guid":{"rendered":"http:\/\/sintema.org.br\/sintema\/?p=3216"},"modified":"2012-11-27T12:29:18","modified_gmt":"2012-11-27T12:29:18","slug":"comeca-o-seminario-nacional-de-seguranca-das-ipes","status":"publish","type":"post","link":"http:\/\/sintema.org.br\/sintema\/comeca-o-seminario-nacional-de-seguranca-das-ipes\/","title":{"rendered":"Come\u00e7a o Semin\u00e1rio Nacional de Seguran\u00e7a das IPES"},"content":{"rendered":"<p><a href=\"http:\/\/sintema.org.br\/sintema\/wp-content\/uploads\/2012\/11\/semipes2.jpg\"><img loading=\"lazy\" class=\"alignnone size-large wp-image-3217\" title=\"semipes2\" src=\"http:\/\/sintema.org.br\/sintema\/wp-content\/uploads\/2012\/11\/semipes2-500x375.jpg\" alt=\"\" width=\"500\" height=\"375\" srcset=\"http:\/\/sintema.org.br\/sintema\/wp-content\/uploads\/2012\/11\/semipes2-500x375.jpg 500w, http:\/\/sintema.org.br\/sintema\/wp-content\/uploads\/2012\/11\/semipes2-300x225.jpg 300w, http:\/\/sintema.org.br\/sintema\/wp-content\/uploads\/2012\/11\/semipes2.jpg 800w\" sizes=\"(max-width: 500px) 100vw, 500px\" \/><\/a><\/p>\n<p>Na manh\u00e3 de ontem, dia 26\/11, foi realizada a cerim\u00f4nia de abertura do XXI Semin\u00e1rio Nacional de Seguran\u00e7a da IPES, em Bel\u00e9m do Par\u00e1, no Audit\u00f3rio do Centro de Eventos Professor Benedito Nunes da UFPA.<\/p>\n<p>O Semin\u00e1rio acontece at\u00e9 dia 1\u00ba de dezembro de 2012. O Sintema enviou oito servidores da UFMA para participarem do evento<\/p>\n<p>Na sauda\u00e7\u00e3o inicial, a FASUBRA-Sindical refor\u00e7ou a import\u00e2ncia do evento, no sentido de reafirmar o Plano de Lutas da categoria, que contempla pautas importantes do segmento de seguran\u00e7a, resgatando a realiza\u00e7\u00e3o de concursos p\u00fablicos para o enfrentamento do processo de terceiriza\u00e7\u00e3o que vem ocorrendo nas IPES.<\/p>\n<p>Destacou, ainda, a necessidade do encaminhamento imediato do Plano Nacional de Seguran\u00e7a, no qual a FASUBRA teve participa\u00e7\u00e3o efetiva na sua elabora\u00e7\u00e3o e, portanto, tem interesse e responsabilidade para sua aprova\u00e7\u00e3o e implanta\u00e7\u00e3o.<\/p>\n","protected":false},"excerpt":{"rendered":"<p>Na manh\u00e3 de ontem, dia 26\/11, foi realizada a cerim\u00f4nia de abertura do XXI Semin\u00e1rio Nacional de Seguran\u00e7a da IPES, em Bel\u00e9m do Par\u00e1, no Audit\u00f3rio do Centro de Eventos Professor Benedito Nunes da UFPA. O Semin\u00e1rio acontece at\u00e9 dia 1\u00ba de dezembro de 2012. O Sintema enviou oito servidores da UFMA para participarem do [&hellip;]<\/p>\n","protected":false},"author":2,"featured_media":0,"comment_status":"open","ping_status":"open","sticky":false,"template":"","format":"standard","meta":[],"categories":[5,18],"tags":[],"_links":{"self":[{"href":"http:\/\/sintema.org.br\/sintema\/wp-json\/wp\/v2\/posts\/3216"}],"collection":[{"href":"http:\/\/sintema.org.br\/sintema\/wp-json\/wp\/v2\/posts"}],"about":[{"href":"http:\/\/sintema.org.br\/sintema\/wp-json\/wp\/v2\/types\/post"}],"author":[{"embeddable":true,"href":"http:\/\/sintema.org.br\/sintema\/wp-json\/wp\/v2\/users\/2"}],"replies":[{"embeddable":true,"href":"http:\/\/sintema.org.br\/sintema\/wp-json\/wp\/v2\/comments?post=3216"}],"version-history":[{"count":1,"href":"http:\/\/sintema.org.br\/sintema\/wp-json\/wp\/v2\/posts\/3216\/revisions"}],"predecessor-version":[{"id":3218,"href":"http:\/\/sintema.org.br\/sintema\/wp-json\/wp\/v2\/posts\/3216\/revisions\/3218"}],"wp:attachment":[{"href":"http:\/\/sintema.org.br\/sintema\/wp-json\/wp\/v2\/media?parent=3216"}],"wp:term":[{"taxonomy":"category","embeddable":true,"href":"http:\/\/sintema.org.br\/sintema\/wp-json\/wp\/v2\/categories?post=3216"},{"taxonomy":"post_tag","embeddable":true,"href":"http:\/\/sintema.org.br\/sintema\/wp-json\/wp\/v2\/tags?post=3216"}],"curies":[{"name":"wp","href":"https:\/\/api.w.org\/{rel}","templated":true}]}}