{"id":3225,"date":"2012-11-27T14:03:29","date_gmt":"2012-11-27T14:03:29","guid":{"rendered":"http:\/\/sintema.org.br\/sintema\/?p=3225"},"modified":"2012-11-27T14:03:29","modified_gmt":"2012-11-27T14:03:29","slug":"servidores-do-hu-organizam-movimento-contra-privatizacao","status":"publish","type":"post","link":"http:\/\/sintema.org.br\/sintema\/servidores-do-hu-organizam-movimento-contra-privatizacao\/","title":{"rendered":"Servidores do HU organizam movimento contra privatiza\u00e7\u00e3o"},"content":{"rendered":"<p><a href=\"http:\/\/sintema.org.br\/sintema\/wp-content\/uploads\/2012\/11\/ebsrh.jpg\"><img loading=\"lazy\" class=\"alignnone size-full wp-image-3226\" title=\"ebsrh\" src=\"http:\/\/sintema.org.br\/sintema\/wp-content\/uploads\/2012\/11\/ebsrh.jpg\" alt=\"\" width=\"450\" height=\"300\" srcset=\"http:\/\/sintema.org.br\/sintema\/wp-content\/uploads\/2012\/11\/ebsrh.jpg 450w, http:\/\/sintema.org.br\/sintema\/wp-content\/uploads\/2012\/11\/ebsrh-300x200.jpg 300w\" sizes=\"(max-width: 450px) 100vw, 450px\" \/><\/a><\/p>\n<p>&nbsp;<\/p>\n<p>Servidores do Hospital Universit\u00e1rio da Universidade Federal do Maranh\u00e3o (HUUFMA), alunos e lideran\u00e7as sociais, sindicais e comunit\u00e1rias, que integram a Frente Nacional contra a Privatiza\u00e7\u00e3o da Sa\u00fade, realizaram, na manh\u00e3 de ontem (26), um protesto contra a privatiza\u00e7\u00e3o dos hospitais Dutra e Materno Infantil. Os manifestantes informaram que o governo federal criou a Empresa Brasileira de Servi\u00e7os Hospitalares (EBSERH), com o objetivo de administrar os hospitais federais brasileiros, para o atendimento de interesses privados e sob a \u00f3tica do mercado e n\u00e3o do bem estar social.<\/p>\n<p>Segundo a representante do F\u00f3rum pela Sa\u00fade do Maranh\u00e3o, Marly Dias, o Governo Federal alegou que a empresa vem para regularizar as contrata\u00e7\u00f5es ilegais, e administrar os HUs, sob uma suposta moderniza\u00e7\u00e3o da gest\u00e3o. Ela afirmou que trata-se de uma privatiza\u00e7\u00e3o com outro formato e outro nome. \u201cSe a UFMA realmente selar esse conv\u00eanio com a EBSERH, teremos mudan\u00e7as profundas no HUUFMA, com uma privatiza\u00e7\u00e3o em curso. O governo diz que ir\u00e1 resolver o problema do subfinanciamento, vai trazer recursos financeiros, o que \u00e9 uma ilus\u00e3o, uma vez que a pr\u00f3pria Uni\u00e3o \u00e9 quem ir\u00e1 financiar no in\u00edcio a EBSERH e continuar\u00e1 a ser sua principal mantenedora. Diante disso, n\u00e3o vemos a necessidade de mudar a gest\u00e3o dos hospitais. Afinal, a implanta\u00e7\u00e3o da EBSERH no HUUFMA cria uma segunda porta de acesso aos servi\u00e7os do hospital por meio conv\u00eanios e contratos com institui\u00e7\u00f5es privadas. Quem tem plano de sa\u00fade, por exemplo, ter\u00e1 mais f\u00e1cil acesso do que aqueles que s\u00f3 podem usufruir do servi\u00e7os p\u00fablicos de sa\u00fade\u201d, disse Marly.<\/p>\n<p>De acordo com a l\u00edder sindical, a proposta gerencial da EBSERH consistir\u00e1 em mudan\u00e7as importantes que devem ocorrer nas pr\u00e1ticas de ensino, pesquisa e extens\u00e3o, bem como, no enxugamento do quadro funcional, que estar\u00e3o submetidas \u00e0s novas metas e prioridades da iniciativa privada. Ela disse que como empresa de direito privado, a EBSERH buscar\u00e1 melhores resultados financeiros \u00e0 custa de redu\u00e7\u00e3o de gastos e otimiza\u00e7\u00e3o de recursos. \u201cSem contar com o aumento da produtividade, menor valoriza\u00e7\u00e3o do trabalho e, claro, obedecendo os interesses e as necessidades de mercado. Tamb\u00e9m n\u00e3o podemos esquecer da nova pol\u00edtica de recursos humanos, de consequ\u00eancias devastadoras para os hospitais, para os trabalhadores e para o projeto de sa\u00fade p\u00fablica e de qualidade. A EBSERH ter\u00e1 seu pr\u00f3prio quadro de pessoal, regido pela CLT, com plano pr\u00f3prio de carreira e sal\u00e1rios. A carga hor\u00e1ria ser\u00e1 de at\u00e9 44 horas semanais. Os novos funcion\u00e1rios n\u00e3o ter\u00e3o estabilidade, n\u00e3o compartilhar\u00e3o das conquistas dos servidores p\u00fablicos e estar\u00e3o submetidos a outra din\u00e2mica de trabalho\u201d, explicou.<\/p>\n<p>A secret\u00e1ria Geral da Associa\u00e7\u00e3o de Professores da Universidade Federal do Maranh\u00e3o (APRUMA), Maris\u00e9lia Ribeiro, disse que a Frente Nacional contra a Privatiza\u00e7\u00e3o da Sa\u00fade, tem o objetivo de conscientizar a popula\u00e7\u00e3o e os pr\u00f3prios servidores federais, sobra \u00e0 situa\u00e7\u00e3o problem\u00e1tica que a privatiza\u00e7\u00e3o dos hospitais universit\u00e1rios trar\u00e1 consigo. Ela relatou que foi institu\u00eddo um processo antidemocr\u00e1tico, onde todas as discuss\u00f5es acontecem apenas entre os Minist\u00e9rios do Planejamento e da Educa\u00e7\u00e3o, bem como os reitores, diretores dos HUs e dirigentes da EBSERH, sem a participa\u00e7\u00e3o dos usu\u00e1rios, trabalhadores da sa\u00fade e comunidade acad\u00eamica. \u201cEm suma, metas, indicadores, prazos, sistem\u00e1tica de avalia\u00e7\u00e3o, equipes de governan\u00e7a, dentre outros pontos, ser\u00e3o decididos \u00e0 revelia dos trabalhadores e usu\u00e1rios. Nem mesmo a forma de escolha de diretores ou superintendentes de HU est\u00e1 clara, muito menos suas atribui\u00e7\u00f5es est\u00e3o definidas no Estatuto da EBSERH. A \u00fanica certeza que temos \u00e9 a perda total de autonomia para os hospitais e para as universidades\u201d, disse ela.<\/p>\n<p>Para Maris\u00e9lia Ribeiro, a chegada da EBSERH desconstr\u00f3i tudo que os servidores e a popula\u00e7\u00e3o conquistou na cria\u00e7\u00e3o e consolida\u00e7\u00e3o do Sistema \u00danico de Sa\u00fade (SUS). Ela relatou que se a privatiza\u00e7\u00e3o acontecer diretitos como a universalidade, a equidade, a integralidade das a\u00e7\u00f5es de sa\u00fade, \u00e0 resolutividade e participa\u00e7\u00e3o social ser\u00e3o apagadas. E pontuou que o concurso p\u00fablico n\u00e3o ser\u00e1 a \u00fanica porta de entrada no quadro dos HUs. \u201cPode ser o fim do sonho e da nossa bandeira hist\u00f3rica de sa\u00fade para todos, hospitais p\u00fablicos e de qualidade, sem privil\u00e9gios, sem preconceitos. A EBSERH poder\u00e1 contratar prestadores de servi\u00e7os, com dispensa de licita\u00e7\u00e3o ou contratar pessoal por tempo determinado mediante processo seletivo simplificado. Os servidores cedidos \u00e0 nova empresa trabalhar\u00e3o mais, ter\u00e3o que se submeter \u00e0s novas regras e ter\u00e3o o mesmo sal\u00e1rio de origem. No caso dos docentes, por exemplo, a proposta inicial \u00e9 que fa\u00e7am horas extras, sem vantagens peculiares \u00e0 remunera\u00e7\u00e3o, prejudicando o atendimento, a qualidade do ensino, pesquisa e extens\u00e3o e desvalorizando acintosamente o trabalho docente e marcando o retrocesso nas conquistas da luta dos servidores p\u00fablicos federais\u201d, relatou.<\/p>\n<p>Os manifestantes afirmaram que a bandeira de luta levantada pela Frente Nacional contra a Privatiza\u00e7\u00e3o da Sa\u00fade \u00e9 por hospitais universit\u00e1rios de qualidade, com gest\u00e3o totalmente p\u00fablica e aut\u00f4noma, alinhada aos princ\u00edpios do SUS, e espa\u00e7o efetivo de forma\u00e7\u00e3o de profissionais comprometidos com a sa\u00fade p\u00fablica e com a vida. Eles revelaram que a reitoria da Universidade Federal do Maranh\u00e3o quando provocada n\u00e3o se manifestou sobre o problema em quest\u00e3o, uma vez que estaria almejando a aprova\u00e7\u00e3o do conv\u00eanio sem a necessidade de debates. No in\u00edcio da pr\u00f3xima semana os movimentos que integram a Frente se reunir\u00e3o, a fim de avaliar o movimento que tem promovidos debates e panfletagens na porta dos hospitais universit\u00e1rios, e tra\u00e7ar novas estrat\u00e9gias no combate \u00e0 privatiza\u00e7\u00e3o.<\/p>\n<p>&nbsp;<\/p>\n<p>Fonte: Jornal Pequeno.<\/p>\n","protected":false},"excerpt":{"rendered":"<p>&nbsp; Servidores do Hospital Universit\u00e1rio da Universidade Federal do Maranh\u00e3o (HUUFMA), alunos e lideran\u00e7as sociais, sindicais e comunit\u00e1rias, que integram a Frente Nacional contra a Privatiza\u00e7\u00e3o da Sa\u00fade, realizaram, na manh\u00e3 de ontem (26), um protesto contra a privatiza\u00e7\u00e3o dos hospitais Dutra e Materno Infantil. Os manifestantes informaram que o governo federal criou a Empresa [&hellip;]<\/p>\n","protected":false},"author":2,"featured_media":0,"comment_status":"open","ping_status":"open","sticky":false,"template":"","format":"standard","meta":[],"categories":[18],"tags":[],"_links":{"self":[{"href":"http:\/\/sintema.org.br\/sintema\/wp-json\/wp\/v2\/posts\/3225"}],"collection":[{"href":"http:\/\/sintema.org.br\/sintema\/wp-json\/wp\/v2\/posts"}],"about":[{"href":"http:\/\/sintema.org.br\/sintema\/wp-json\/wp\/v2\/types\/post"}],"author":[{"embeddable":true,"href":"http:\/\/sintema.org.br\/sintema\/wp-json\/wp\/v2\/users\/2"}],"replies":[{"embeddable":true,"href":"http:\/\/sintema.org.br\/sintema\/wp-json\/wp\/v2\/comments?post=3225"}],"version-history":[{"count":2,"href":"http:\/\/sintema.org.br\/sintema\/wp-json\/wp\/v2\/posts\/3225\/revisions"}],"predecessor-version":[{"id":3228,"href":"http:\/\/sintema.org.br\/sintema\/wp-json\/wp\/v2\/posts\/3225\/revisions\/3228"}],"wp:attachment":[{"href":"http:\/\/sintema.org.br\/sintema\/wp-json\/wp\/v2\/media?parent=3225"}],"wp:term":[{"taxonomy":"category","embeddable":true,"href":"http:\/\/sintema.org.br\/sintema\/wp-json\/wp\/v2\/categories?post=3225"},{"taxonomy":"post_tag","embeddable":true,"href":"http:\/\/sintema.org.br\/sintema\/wp-json\/wp\/v2\/tags?post=3225"}],"curies":[{"name":"wp","href":"https:\/\/api.w.org\/{rel}","templated":true}]}}