{"id":3246,"date":"2012-12-06T11:57:56","date_gmt":"2012-12-06T11:57:56","guid":{"rendered":"http:\/\/sintema.org.br\/sintema\/?p=3246"},"modified":"2012-12-06T11:57:56","modified_gmt":"2012-12-06T11:57:56","slug":"oscar-niemeyer-morre-aos-104-anos","status":"publish","type":"post","link":"http:\/\/sintema.org.br\/sintema\/oscar-niemeyer-morre-aos-104-anos\/","title":{"rendered":"Oscar Niemeyer morre aos 104 anos"},"content":{"rendered":"<p style=\"text-align: justify;\">O arquiteto Oscar Niemeyer morreu na noite desta quarta-feira (5) no Hospital Samaritano, no Rio de Janeiro, onde estava internado desde o dia 2 de novembro. O arquiteto completaria 105 anos em 15 de dezembro. Niemeyer deixa a mulher, Vera L\u00facia, 67, com quem se casou em 2006. Deixa ainda quatro trinetos, 13 bisnetos e quatro netos, filhos de Anna Maria \u2013 sua \u00fanica filha, morta em junho passado, aos 82 anos \u2013 , fruto de seu casamento com Anita Baldo, de quem ficou vi\u00favo em 2004.<\/p>\n<p style=\"text-align: justify;\"><a href=\"http:\/\/sintema.org.br\/sintema\/wp-content\/uploads\/2012\/12\/oscar.jpg\"><img loading=\"lazy\" class=\"alignnone size-full wp-image-3247\" title=\"oscar\" src=\"http:\/\/sintema.org.br\/sintema\/wp-content\/uploads\/2012\/12\/oscar.jpg\" alt=\"\" width=\"440\" height=\"432\" srcset=\"http:\/\/sintema.org.br\/sintema\/wp-content\/uploads\/2012\/12\/oscar.jpg 440w, http:\/\/sintema.org.br\/sintema\/wp-content\/uploads\/2012\/12\/oscar-300x294.jpg 300w\" sizes=\"(max-width: 440px) 100vw, 440px\" \/><\/a><\/p>\n<p style=\"text-align: justify;\">\nNascido no bairro de Laranjeiras, no Rio, Oscar Niemeyer se formou em arquitetura e engenharia na Escola Nacional de Belas Artes em 1934. Em seguida, trabalhou no escrit\u00f3rio dos arquitetos L\u00facio Costa e Carlos Le\u00e3o, onde integrou a equipe do projeto do Minist\u00e9rio da Educa\u00e7\u00e3o e Sa\u00fade.<\/p>\n<p>Por indica\u00e7\u00e3o de Juscelino Kubitschek (1902-1976), ent\u00e3o prefeito de Belo Horizonte, Niemeyer projetou, no in\u00edcio dos anos 1940, o Conjunto da Pampulha, que se tornaria uma de suas obras brasileiras mais conhecidas.<\/p>\n<p>Em 1945, o arquiteto ingressou no Partido Comunista do Brasil (PCB), entrando em contato com Luiz Carlos Prestes e outros dirigentes revolucion\u00e1rios. Ao longo das d\u00e9cadas, travou amizades com diversos l\u00edderes socialistas ao redor do planeta, entre eles o comandante da Revolu\u00e7\u00e3o Cubana, Fidel Castro, viajando constantemente \u00e0 Uni\u00e3o Sovi\u00e9tica, a Cuba e aos pa\u00edses socialistas do Leste europeu.<\/p>\n<p>Em 1947, Niemeyer fez parte da comiss\u00e3o de arquitetos que definiria o projeto da sede da ONU (Organiza\u00e7\u00e3o das Na\u00e7\u00f5es Unidas) em Nova York. A proposta elaborada por Niemeyer com o franco-su\u00ed\u00e7o Le Corbusier serviu de base para a constru\u00e7\u00e3o do pr\u00e9dio, inaugurado em 1952.<br \/>\nDurante os anos 1950, projetou obras como o edif\u00edcio Copan e o parque Ibirapuera, ambos em S\u00e3o Paulo, al\u00e9m de comandar o Departamento de Arquitetura e Urbanismo da Novacap, respons\u00e1vel pela constru\u00e7\u00e3o de Bras\u00edlia.<\/p>\n<p>Ao lado de L\u00facio Costa, arquitetou Bras\u00edlia, a nova capital do pa\u00eds, concebendo majestosos edif\u00edcios, como o Pal\u00e1cio da Alvorada e o Congresso Nacional.<\/p>\n<p>Inaugurada em abril de 1960, Bras\u00edlia transformou a paisagem natural do Brasil central em um dos marcos da arquitetura moderna.<\/p>\n<p>Impedido de trabalhar no Brasil pela ditadura militar, Niemeyer se mudou em 1966 para Paris, onde abriu um escrit\u00f3rio de arquitetura. Projetou a sede do Partido Comunista Franc\u00eas, fez o Centro Cultural Le Havre, atualmente Le Volcan, realizou obras na Arg\u00e9lia, na It\u00e1lia e em Portugal.<\/p>\n<p>Deixou in\u00fameras obras que modificaram a paiusagem urbana de diversas cidades do mundo. Entre as mais importantes obras do arquiteto destacam-se o conjunto arquitet\u00f4nico da Pampulha, em Belo Horizonte; o Edif\u00edcio Copan, em S\u00e3o Paulo; a constru\u00e7\u00e3o de Bras\u00edlia; a Universidade de Constantine e a Mesquita de Argel, na Arg\u00e9lia; a Feira Internacional e Permanente do L\u00edbano; o Centro Cultural de Le Havre-Le Volcan, na Fran\u00e7a; os Centros Integrados de Educa\u00e7\u00e3o P\u00fablica (Cieps) e a Passarela do Samba, no Rio de Janeiro; o Memorial da Am\u00e9rica Latina e o Parque do Ibirapuera, em S\u00e3o Paulo; e o Caminho Niemeyer, em Niter\u00f3i, Rio de Janeiro; al\u00e9m do Porto da M\u00fasica, na Argentina.<\/p>\n<p>Ap\u00f3s a anistia, retornou ao Brasil, no in\u00edcio dos anos 1980. No Rio, projetou os CIEPs (Centros Integrados de Educa\u00e7\u00e3o P\u00fablica, apelidados de &#8220;brizol\u00f5es&#8221;) e o Samb\u00f3dromo, durante o primeiro governo de Leonel Brizola no estado (1983-1987).<\/p>\n<p>Em 1988, Niemeyer se tornou o primeiro brasileiro vencedor do pr\u00eamio Pritzker, o Oscar da arquitetura. Ainda em 1988, Niemeyer elaborou o projeto do Memorial da Am\u00e9rica Latina, em S\u00e3o Paulo.<\/p>\n<p>Nos anos 1990 e 2000, a produ\u00e7\u00e3o de Niemeyer continou em alta, com a inaugura\u00e7\u00e3o do Museu de Arte Contempor\u00e2nea de Niter\u00f3i (RJ), o Museu Oscar Niemeyer, em Curitiba, e o Audit\u00f3rio Ibirapuera, dentro do parque, em S\u00e3o Paulo.<\/p>\n<p>Em 2003, exibiu sua vers\u00e3o de um pavilh\u00e3o de exposi\u00e7\u00f5es na tradicional galeria londrina Serpentine \u2013 que todo ano constr\u00f3i um anexo tempor\u00e1rio.<\/p>\n<p>Ao completar 100 anos, em 2007, Oscar Niemeyer recebe diversas condecora\u00e7\u00f5es. Entre elas, a medalha ao M\u00e9rito Cultural, conferida pelo ent\u00e3o presidente Luiz In\u00e1cio Lula da Silva em reconhecimento \u00e0 sua contribui\u00e7\u00e3o \u00e0 cultura brasileira. Na Fran\u00e7a,o arquiteto \u00e9 condecorado com o t\u00edtulo de comendador da Ordem Nacional da Legi\u00e3o de Honra.<\/p>\n<p>Em 2007, projetou o Centro Cultural de Avil\u00e9s, sua primeira obra na Espanha. Inaugurado em mar\u00e7o de 2011, o Centro Cultural Internacional Oscar Niemeyer foi fechado ap\u00f3s nove meses, em meio ao agravamento da crise econ\u00f4mica, desentendimentos entre o governo local e a administra\u00e7\u00e3o do complexo no dia do anivers\u00e1rio de 104 anos de Niemeyer. Em meados de 2012, no entanto, o centro foi reaberto.<\/p>\n<p>Mais de 60 anos ap\u00f3s a realiza\u00e7\u00e3o do Conjunto da Pampulha, o arquiteto voltou a assinar um projeto de grande porte em Minas Gerais em 2010, com a inaugura\u00e7\u00e3o da Cidade Administrativa do governo do estado, na Grande Belo Horizonte.<\/p>\n<p>Atualmente, em Santos, est\u00e1 em execu\u00e7\u00e3o o projeto de Niemeyer para o museu Pel\u00e9. A previs\u00e3o \u00e9 que a obra seja conclu\u00edda em dezembro de 2012. Niemeyer projetou tamb\u00e9m o edif\u00edcio da nova sede da Uni\u00e3o Nacional dos Estudantes.<\/p>\n<p>Fonte: www.vermelho.org.br com informa\u00e7\u00f5es da <em>Folha de S. Paulo <\/em>on line e Ag\u00eancia Brasil<\/p>\n","protected":false},"excerpt":{"rendered":"<p>O arquiteto Oscar Niemeyer morreu na noite desta quarta-feira (5) no Hospital Samaritano, no Rio de Janeiro, onde estava internado desde o dia 2 de novembro. O arquiteto completaria 105 anos em 15 de dezembro. Niemeyer deixa a mulher, Vera L\u00facia, 67, com quem se casou em 2006. Deixa ainda quatro trinetos, 13 bisnetos e [&hellip;]<\/p>\n","protected":false},"author":2,"featured_media":0,"comment_status":"open","ping_status":"open","sticky":false,"template":"","format":"standard","meta":[],"categories":[5,18],"tags":[],"_links":{"self":[{"href":"http:\/\/sintema.org.br\/sintema\/wp-json\/wp\/v2\/posts\/3246"}],"collection":[{"href":"http:\/\/sintema.org.br\/sintema\/wp-json\/wp\/v2\/posts"}],"about":[{"href":"http:\/\/sintema.org.br\/sintema\/wp-json\/wp\/v2\/types\/post"}],"author":[{"embeddable":true,"href":"http:\/\/sintema.org.br\/sintema\/wp-json\/wp\/v2\/users\/2"}],"replies":[{"embeddable":true,"href":"http:\/\/sintema.org.br\/sintema\/wp-json\/wp\/v2\/comments?post=3246"}],"version-history":[{"count":1,"href":"http:\/\/sintema.org.br\/sintema\/wp-json\/wp\/v2\/posts\/3246\/revisions"}],"predecessor-version":[{"id":3248,"href":"http:\/\/sintema.org.br\/sintema\/wp-json\/wp\/v2\/posts\/3246\/revisions\/3248"}],"wp:attachment":[{"href":"http:\/\/sintema.org.br\/sintema\/wp-json\/wp\/v2\/media?parent=3246"}],"wp:term":[{"taxonomy":"category","embeddable":true,"href":"http:\/\/sintema.org.br\/sintema\/wp-json\/wp\/v2\/categories?post=3246"},{"taxonomy":"post_tag","embeddable":true,"href":"http:\/\/sintema.org.br\/sintema\/wp-json\/wp\/v2\/tags?post=3246"}],"curies":[{"name":"wp","href":"https:\/\/api.w.org\/{rel}","templated":true}]}}