{"id":3249,"date":"2012-12-06T12:13:29","date_gmt":"2012-12-06T12:13:29","guid":{"rendered":"http:\/\/sintema.org.br\/sintema\/?p=3249"},"modified":"2012-12-06T12:14:02","modified_gmt":"2012-12-06T12:14:02","slug":"burocracia-sindical-aliada-as-reitorias-tenta-fundar-sindicato-para-dividir-os-taes-nos-dizemos-nao","status":"publish","type":"post","link":"http:\/\/sintema.org.br\/sintema\/burocracia-sindical-aliada-as-reitorias-tenta-fundar-sindicato-para-dividir-os-taes-nos-dizemos-nao\/","title":{"rendered":"Burocracia sindical aliada \u00e0s reitorias tenta fundar sindicato para dividir os TAEs &#8211; N\u00f3s dizemos n\u00e3o!"},"content":{"rendered":"<p><a href=\"http:\/\/sintema.org.br\/sintema\/wp-content\/uploads\/2012\/12\/atens6.jpg\"><img loading=\"lazy\" class=\"alignnone size-large wp-image-3250\" title=\"atens6\" src=\"http:\/\/sintema.org.br\/sintema\/wp-content\/uploads\/2012\/12\/atens6-500x375.jpg\" alt=\"\" width=\"500\" height=\"375\" srcset=\"http:\/\/sintema.org.br\/sintema\/wp-content\/uploads\/2012\/12\/atens6-500x375.jpg 500w, http:\/\/sintema.org.br\/sintema\/wp-content\/uploads\/2012\/12\/atens6-300x225.jpg 300w, http:\/\/sintema.org.br\/sintema\/wp-content\/uploads\/2012\/12\/atens6.jpg 640w\" sizes=\"(max-width: 500px) 100vw, 500px\" \/><\/a><\/p>\n<p>&nbsp;<\/p>\n<p>Sob forte aparato repressivo, nos moldes do per\u00edodo da ditadura militar, e com o total apoio dos dirigentes da Universidade Federal de Santa Maria (UFSM), no dia 3 de dezembro de 2012, foi fundada a ATENS-SN (Sindicato Nacional dos T\u00e9cnicos de N\u00edvel Superior das Institui\u00e7\u00f5es Federais de Ensino) constituindo-se em mais um ataque a nossa categoria.<\/p>\n<p>Logo na entrada do anfiteatro, separados por uma grade de prote\u00e7\u00e3o os participantes eram recebidos, por um pr\u00f3-reitor da UFSM (Universidade Federal de Santa Maria) que fazia a primeira, dentre as tr\u00eas confer\u00eancias dos dados para liberar o acesso ou n\u00e3o, ao recinto onde se realizaria a assembl\u00e9ia. Em conjunto com dezenas de seguran\u00e7as particulares fortemente armados, alguns at\u00e9 com colete a prova de bala, o pr\u00f3-reitor que, ali\u00e1s, \u00e9 FAVOR\u00c1VEL \u00c0 IMPLANTA\u00c7\u00c3O DO PONTO ELETR\u00d4NICO PARA OS TAEs, exigia contracheques, documentos estes que nem estava previsto no edital de convoca\u00e7\u00e3o da assembl\u00e9ia e impedia a entrada de quem n\u00e3o fosse \u201cn\u00edvel superior\u201d, cerceando o direito de ir e vir dos demais presentes.<\/p>\n<p>&nbsp;<\/p>\n<p><a href=\"http:\/\/sintema.org.br\/sintema\/wp-content\/uploads\/2012\/12\/atens5.jpg\"><img loading=\"lazy\" class=\"alignnone size-large wp-image-3251\" title=\"atens5\" src=\"http:\/\/sintema.org.br\/sintema\/wp-content\/uploads\/2012\/12\/atens5-500x375.jpg\" alt=\"\" width=\"500\" height=\"375\" srcset=\"http:\/\/sintema.org.br\/sintema\/wp-content\/uploads\/2012\/12\/atens5-500x375.jpg 500w, http:\/\/sintema.org.br\/sintema\/wp-content\/uploads\/2012\/12\/atens5-300x225.jpg 300w, http:\/\/sintema.org.br\/sintema\/wp-content\/uploads\/2012\/12\/atens5.jpg 640w\" sizes=\"(max-width: 500px) 100vw, 500px\" \/><\/a><\/p>\n<p>&nbsp;<\/p>\n<p>A representa\u00e7\u00e3o da dire\u00e7\u00e3o da FASUBRA e das demais entidades de base de todo o Brasil que vieram para o debate democr\u00e1tico foi, inclusive, convidada a sair do local \u2013 pasmem! &#8211; pela Policia Militar, acionada pelos organizadores do evento (Dire\u00e7\u00e3o da ATENS e Reitoria). Situa\u00e7\u00f5es como esta vimos na \u00e9poca da ditadura militar.<\/p>\n<p>&nbsp;<\/p>\n<p>Na abertura da assembl\u00e9ia, ap\u00f3s uma leitura rel\u00e2mpago da ata, feita em menos de cinco minutos, a proposta de transforma\u00e7\u00e3o da ATENS em Sindicato nacional foi colocada em vota\u00e7\u00e3o. Sendo aprovada em meio a um tumultuo, e por rito sum\u00e1rio. Manifesta\u00e7\u00f5es diversas foram feitas no plen\u00e1rio, n\u00e3o s\u00f3 pela representa\u00e7\u00e3o da FASUBRA e suas representa\u00e7\u00f5es de entidades de base como tamb\u00e9m por aqueles que, rec\u00e9m-ingressos na universidade, se sentiram usurpados de seu direito de fala.<\/p>\n<p>&nbsp;<\/p>\n<p><a href=\"http:\/\/sintema.org.br\/sintema\/wp-content\/uploads\/2012\/12\/anseg.jpg\"><img loading=\"lazy\" class=\"alignnone size-large wp-image-3252\" title=\"anseg\" src=\"http:\/\/sintema.org.br\/sintema\/wp-content\/uploads\/2012\/12\/anseg-500x457.jpg\" alt=\"\" width=\"500\" height=\"457\" srcset=\"http:\/\/sintema.org.br\/sintema\/wp-content\/uploads\/2012\/12\/anseg-500x457.jpg 500w, http:\/\/sintema.org.br\/sintema\/wp-content\/uploads\/2012\/12\/anseg-300x274.jpg 300w, http:\/\/sintema.org.br\/sintema\/wp-content\/uploads\/2012\/12\/anseg.jpg 720w\" sizes=\"(max-width: 500px) 100vw, 500px\" \/><\/a><\/p>\n<p>Diante do autoritarismo dos dirigentes deste processo, as dezenas de companheiras e companheiros que vieram de v\u00e1rios estados para debater o que significa a divis\u00e3o da nossa categoria, alertando para o grande equivoco que ali acontecia, se retiraram do evento em protesto, pois n\u00e3o havia nenhuma disposi\u00e7\u00e3o para o di\u00e1logo por parte das supostas lideran\u00e7as da ATENS. O \u00fanico interesse naquele momento era dividir a categoria em nome de um projeto reacion\u00e1rio constru\u00eddo em alian\u00e7a com reitorias.<\/p>\n<p>Quais as conseq\u00fc\u00eancias desse ato? A quem interessa a divis\u00e3o da Categoria?<\/p>\n<p>Essa divis\u00e3o interessa ao governo e aos reitores de plant\u00e3o, pois enfraquece e divide um movimento que historicamente \u00e9 marcado por sua combatividade, sendo protagonista da luta dos trabalhadores das universidades, seja por causas econ\u00f4micas ou por pol\u00edticas nacionais de interesse da classe trabalhadora.<\/p>\n<p>&#8211; Essa divis\u00e3o significa o retorno a uma pr\u00e1tica h\u00e1 muito banida do nosso movimento, que \u00e9 a constru\u00e7\u00e3o de sindicatos em gabinetes, atrelados \u00e0s reitorias e aos patr\u00f5es, como se fazia na \u00e9poca das associa\u00e7\u00f5es. Esta pr\u00e1tica favorece a subservi\u00eancia, a rela\u00e7\u00e3o de favores que somente \u201cbeneficiam\u201d a poucos, em detrimento do interesse da maioria;<\/p>\n<p>&#8211; Fortalece um nascente movimento de burocracia sindical, gestado nas redes virtuais, sem nenhuma interven\u00e7\u00e3o concreta com os trabalhadores, sem interlocu\u00e7\u00e3o real com as bases;<\/p>\n<p>Tal sindicato n\u00e3o tem qualquer tipo de organiza\u00e7\u00e3o na base da Categoria, n\u00e3o representando os leg\u00edtimos interesses do conjunto dos trabalhadores, nem tampouco os integrantes da Classe E como um todo, basta ver em seu manifesto as pouqu\u00edssimas universidades onde eles tentaram se organizar, o \u00a0que confirma a falta de legitimidade deste movimento.<\/p>\n<p>Caso a ATENS venha a se consolidar como representa\u00e7\u00e3o de parte da Categoria dos TAEs estar\u00e1 dado o fim da PARIDADE entre ativos e aposentados da Classe E, tendo em vista que j\u00e1 existe a disposi\u00e7\u00e3o expl\u00edcita dessa nova burocracia sindical em NEGOCIAR A PARIDADE ENTRE ATIVOS E APOSENTADOS em troca de gratifica\u00e7\u00f5es produtivistas;<\/p>\n<p>Essa divis\u00e3o pode comprometer e enfraquecer as negocia\u00e7\u00f5es com o governo. Exemplo recente disto \u00e9 a situa\u00e7\u00e3o dos docentes, representados pelo ANDES, onde o PROIFES cumpre o papel de burocracia sindical, semelhante ao modelo adotado pela ATENS.<\/p>\n<p>Num momento onde a FASUBRA e seus sindicatos filiados est\u00e3o enfrentando a luta contra a EBSERH, a luta contra o ponto eletr\u00f4nico e pela redu\u00e7\u00e3o da jornada de trabalho. Estamos discutindo e organizando a luta contra a tentativa do governo de retirar o direito de greve e pela anula\u00e7\u00e3o da reforma da previd\u00eancia junto com as demais entidades do funcionalismo p\u00fablico&#8230; Estamos ousando em discutir com a nossa categoria a luta contra o machismo, o racismo e a homofobia&#8230; E Al\u00e9m disso, constru\u00edmos esse ano uma das maiores greves da hist\u00f3ria do funcionalismo p\u00fablico brasileiro&#8230;<\/p>\n<p>Nesse campo de batalha contra os ataques do governo em meio a uma crise econ\u00f4mica mundial onde precisamos de toda unidade poss\u00edvel para acumular for\u00e7as, as lideran\u00e7as da ATENS al\u00e9m de n\u00e3o participarem de nenhuma dessas lutas cumprem um papel criminoso de dividir gerando confus\u00e3o e dispers\u00e3o entre os companheiros da classe \u201cE\u201d.<\/p>\n<p>A FASUBRA conclama todos os TAEs da classe \u201cE\u201d de todo pa\u00eds a fortalecer a unidade de nossa categoria n\u00e3o reconhecendo essa iniciativa divisionista. Sabemos que pela pratica de nossas entidades de base todos saber\u00e3o distinguir o joio do trigo e primar\u00e3o pela manuten\u00e7\u00e3o da democracia j\u00e1 constru\u00edda por cada um dos trabalhadores e trabalhadoras em cada universidade.<\/p>\n<p>Dire\u00e7\u00e3o Nacional da FASUBRA<\/p>\n<p>Fonte: www.fasubra.org.br<\/p>\n<p>Fotos: Raquel Carlucho<\/p>\n","protected":false},"excerpt":{"rendered":"<p>&nbsp; Sob forte aparato repressivo, nos moldes do per\u00edodo da ditadura militar, e com o total apoio dos dirigentes da Universidade Federal de Santa Maria (UFSM), no dia 3 de dezembro de 2012, foi fundada a ATENS-SN (Sindicato Nacional dos T\u00e9cnicos de N\u00edvel Superior das Institui\u00e7\u00f5es Federais de Ensino) constituindo-se em mais um ataque a [&hellip;]<\/p>\n","protected":false},"author":2,"featured_media":0,"comment_status":"open","ping_status":"open","sticky":false,"template":"","format":"standard","meta":[],"categories":[5,18],"tags":[],"_links":{"self":[{"href":"http:\/\/sintema.org.br\/sintema\/wp-json\/wp\/v2\/posts\/3249"}],"collection":[{"href":"http:\/\/sintema.org.br\/sintema\/wp-json\/wp\/v2\/posts"}],"about":[{"href":"http:\/\/sintema.org.br\/sintema\/wp-json\/wp\/v2\/types\/post"}],"author":[{"embeddable":true,"href":"http:\/\/sintema.org.br\/sintema\/wp-json\/wp\/v2\/users\/2"}],"replies":[{"embeddable":true,"href":"http:\/\/sintema.org.br\/sintema\/wp-json\/wp\/v2\/comments?post=3249"}],"version-history":[{"count":3,"href":"http:\/\/sintema.org.br\/sintema\/wp-json\/wp\/v2\/posts\/3249\/revisions"}],"predecessor-version":[{"id":3254,"href":"http:\/\/sintema.org.br\/sintema\/wp-json\/wp\/v2\/posts\/3249\/revisions\/3254"}],"wp:attachment":[{"href":"http:\/\/sintema.org.br\/sintema\/wp-json\/wp\/v2\/media?parent=3249"}],"wp:term":[{"taxonomy":"category","embeddable":true,"href":"http:\/\/sintema.org.br\/sintema\/wp-json\/wp\/v2\/categories?post=3249"},{"taxonomy":"post_tag","embeddable":true,"href":"http:\/\/sintema.org.br\/sintema\/wp-json\/wp\/v2\/tags?post=3249"}],"curies":[{"name":"wp","href":"https:\/\/api.w.org\/{rel}","templated":true}]}}