{"id":3257,"date":"2012-12-10T19:11:06","date_gmt":"2012-12-10T19:11:06","guid":{"rendered":"http:\/\/sintema.org.br\/sintema\/?p=3257"},"modified":"2012-12-10T19:11:06","modified_gmt":"2012-12-10T19:11:06","slug":"fasubra-realiza-encontro-nacional-de-aposentados","status":"publish","type":"post","link":"http:\/\/sintema.org.br\/sintema\/fasubra-realiza-encontro-nacional-de-aposentados\/","title":{"rendered":"FASUBRA REALIZA ENCONTRO NACIONAL DE APOSENTADOS"},"content":{"rendered":"<p style=\"text-align: justify;\"><a href=\"http:\/\/sintema.org.br\/sintema\/wp-content\/uploads\/2012\/12\/arteaposentados1.jpg\"><img loading=\"lazy\" class=\"alignnone size-large wp-image-3258\" title=\"arteaposentados1\" src=\"http:\/\/sintema.org.br\/sintema\/wp-content\/uploads\/2012\/12\/arteaposentados1-500x361.jpg\" alt=\"\" width=\"500\" height=\"361\" srcset=\"http:\/\/sintema.org.br\/sintema\/wp-content\/uploads\/2012\/12\/arteaposentados1-500x361.jpg 500w, http:\/\/sintema.org.br\/sintema\/wp-content\/uploads\/2012\/12\/arteaposentados1-300x217.jpg 300w, http:\/\/sintema.org.br\/sintema\/wp-content\/uploads\/2012\/12\/arteaposentados1.jpg 800w\" sizes=\"(max-width: 500px) 100vw, 500px\" \/><\/a><\/p>\n<p style=\"text-align: justify;\">\n<p style=\"text-align: justify;\">A Coordena\u00e7\u00e3o de Aposentadas e Assuntos de Aposentadoria da FASUBRA Sindical convoca suas entidades de base, para se fazerem presentes no Encontro Nacional dos Aposentados e Assuntos de Aposentadoria, objetivando debater o tema:<em><strong>\u00a0<\/strong><\/em><em>Aposentado, Aposentando e os Projetos de Leis do Legislativo Federal.<\/em><\/p>\n<p style=\"text-align: justify;\">O evento realizar-se-\u00e1 nos dias 12 e 13\/12\/12, a partir das 9h, no Audit\u00f3rio Fernando Costa, do Aracoara Hotel &#8211; SQN &#8211; Q. 5 &#8211; Bras\u00edlia, DF.<\/p>\n<p style=\"text-align: justify;\">Neste sentido, solicitamos que as Entidades de base, enviem os nomes dos participantes com vistas a otimiza\u00e7\u00e3o da organiza\u00e7\u00e3o do evento, para o e-mail:\u00a0<a href=\"mailto:fasubra@fasubra.org.br\">fasubra@fasubra.org.br<\/a><a href=\"mailto: &lt;script type='text\/javascript'&gt; &lt;!-- var prefix = 'ma' + 'il' + 'to'; var path = 'hr' + 'ef' + '='; var addy73388 = 'fasubra' + '@'; addy73388 = addy73388 + 'fasubra' + '.' + 'org' + '.' + 'br'; document.write('&lt;a ' + path + '\\'' + prefix + ':' + addy73388 + '\\'&gt;'); document.write(addy73388); document.write('&lt;\\\/a&gt;'); \/\/--&gt;\\n &lt;\/script&gt;&lt;script type='text\/javascript'&gt; &lt;!-- document.write('&lt;span style=\\'display: none;\\'&gt;'); \/\/--&gt; &lt;\/script&gt;O endere%C3%A7o de e-mail address est%C3%A1 sendo protegido de spambots. Voc%C3%AA precisa ativar o JavaScript enabled para v%C3%AA-lo. &lt;script type='text\/javascript'&gt; &lt;!-- document.write('&lt;\/'); document.write('span&gt;'); \/\/--&gt; &lt;\/script&gt;\">, impreterivelmente at\u00e9 o dia 10\/12\/12.<\/a><\/p>\n<p style=\"text-align: justify;\"><strong><em>Programa\u00e7\u00e3o do Evento:<\/em><\/strong><\/p>\n<p style=\"text-align: justify;\"><strong><em>Dia 12.12.12 &#8211; Manh\u00e3<\/em><\/strong><\/p>\n<p style=\"text-align: justify;\">08:00 h &#8211; Credenciamento<\/p>\n<p style=\"text-align: justify;\">09:00 h &#8211; Mesa de abertura<\/p>\n<p style=\"text-align: justify;\">09:30 h &#8211; Acordo de Greve e Reposicionamento dos Aposentados<\/p>\n<p style=\"text-align: justify;\">12:00 h &#8211; Almo\u00e7o<\/p>\n<p style=\"text-align: justify;\"><strong><em>Dia 12.12.12 &#8211; Tarde<\/em><\/strong><\/p>\n<p style=\"text-align: justify;\">14:00 h &#8211; Fator Previdenci\u00e1rio<\/p>\n<p style=\"text-align: justify;\">15:00 h &#8211; Emenda Constitucional 70\/12 &#8211; Revers\u00e3o de Aposentadoria por Invalidez Permanente<\/p>\n<p style=\"text-align: justify;\">16:00 h &#8211; PEC 555\/2006 &#8211; Taxa\u00e7\u00e3o Previdenci\u00e1ria na Aposentadoria<\/p>\n<p style=\"text-align: justify;\"><strong>Dia 13.12.12 &#8211; Manh\u00e3<\/strong><\/p>\n<p style=\"text-align: justify;\">09:00 h &#8211; O Congresso Nacional e a Luta dos Aposentados e Aposentandos<\/p>\n<p style=\"text-align: justify;\">11:00 h &#8211; Sa\u00fade na Aposentadoria<\/p>\n<p style=\"text-align: justify;\"><strong><em>Dia 13.12.12 &#8211; Tarde<\/em><\/strong><\/p>\n<p style=\"text-align: justify;\">14:00 h &#8211; Grupos de Trabalhos<\/p>\n<p style=\"text-align: justify;\">16:00 h &#8211; Plen\u00e1ria de Sistematiza\u00e7\u00e3o do Plano de Lutas<\/p>\n<p style=\"text-align: justify;\">________________________________________________________________________<\/p>\n<p style=\"text-align: justify;\">Fonte: www.fasubra.org.br<\/p>\n<p style=\"text-align: justify;\"><strong><em>Reda\u00e7\u00e3o: Carla Jurumenha &#8211; ASCOM FASUBRA Sindical<\/em><\/strong><\/p>\n","protected":false},"excerpt":{"rendered":"<p>A Coordena\u00e7\u00e3o de Aposentadas e Assuntos de Aposentadoria da FASUBRA Sindical convoca suas entidades de base, para se fazerem presentes no Encontro Nacional dos Aposentados e Assuntos de Aposentadoria, objetivando debater o tema:\u00a0Aposentado, Aposentando e os Projetos de Leis do Legislativo Federal. O evento realizar-se-\u00e1 nos dias 12 e 13\/12\/12, a partir das 9h, no [&hellip;]<\/p>\n","protected":false},"author":2,"featured_media":0,"comment_status":"open","ping_status":"open","sticky":false,"template":"","format":"standard","meta":[],"categories":[5,18],"tags":[],"_links":{"self":[{"href":"http:\/\/sintema.org.br\/sintema\/wp-json\/wp\/v2\/posts\/3257"}],"collection":[{"href":"http:\/\/sintema.org.br\/sintema\/wp-json\/wp\/v2\/posts"}],"about":[{"href":"http:\/\/sintema.org.br\/sintema\/wp-json\/wp\/v2\/types\/post"}],"author":[{"embeddable":true,"href":"http:\/\/sintema.org.br\/sintema\/wp-json\/wp\/v2\/users\/2"}],"replies":[{"embeddable":true,"href":"http:\/\/sintema.org.br\/sintema\/wp-json\/wp\/v2\/comments?post=3257"}],"version-history":[{"count":1,"href":"http:\/\/sintema.org.br\/sintema\/wp-json\/wp\/v2\/posts\/3257\/revisions"}],"predecessor-version":[{"id":3259,"href":"http:\/\/sintema.org.br\/sintema\/wp-json\/wp\/v2\/posts\/3257\/revisions\/3259"}],"wp:attachment":[{"href":"http:\/\/sintema.org.br\/sintema\/wp-json\/wp\/v2\/media?parent=3257"}],"wp:term":[{"taxonomy":"category","embeddable":true,"href":"http:\/\/sintema.org.br\/sintema\/wp-json\/wp\/v2\/categories?post=3257"},{"taxonomy":"post_tag","embeddable":true,"href":"http:\/\/sintema.org.br\/sintema\/wp-json\/wp\/v2\/tags?post=3257"}],"curies":[{"name":"wp","href":"https:\/\/api.w.org\/{rel}","templated":true}]}}