{"id":3261,"date":"2012-12-11T13:29:54","date_gmt":"2012-12-11T13:29:54","guid":{"rendered":"http:\/\/sintema.org.br\/sintema\/?p=3261"},"modified":"2012-12-13T11:48:06","modified_gmt":"2012-12-13T11:48:06","slug":"obituario-maria-da-conceicao-dos-santos-maranhao","status":"publish","type":"post","link":"http:\/\/sintema.org.br\/sintema\/obituario-maria-da-conceicao-dos-santos-maranhao\/","title":{"rendered":"Obitu\u00e1rio &#8211; MARIA DA CONCEI\u00c7\u00c3O DOS SANTOS MARANH\u00c3O"},"content":{"rendered":"<p><a href=\"http:\/\/sintema.org.br\/sintema\/wp-content\/uploads\/2012\/12\/falecimentoooo.jpg\"><img loading=\"lazy\" class=\"alignnone size-full wp-image-3262\" title=\"falecimentoooo\" src=\"http:\/\/sintema.org.br\/sintema\/wp-content\/uploads\/2012\/12\/falecimentoooo.jpg\" alt=\"\" width=\"451\" height=\"280\" \/><\/a><\/p>\n<p>A diretoria do Sintema comunica a toda categoria, o falecimento da associada aposentada &#8211; MARIA DA CONCEI\u00c7\u00c3O DOS SANTOS MARANH\u00c3O \u2013 ocorrido ontem, dia 10 de dezembro de 2012.<\/p>\n<p>&nbsp;<\/p>\n<p>Toda a Dire\u00e7\u00e3o do Sindicato presta as homenagens a esta, que em vida, muito contribuiu com a luta da categoria por dias melhores.<\/p>\n<p>&nbsp;<\/p>\n<p>&nbsp;<\/p>\n","protected":false},"excerpt":{"rendered":"<p>A diretoria do Sintema comunica a toda categoria, o falecimento da associada aposentada &#8211; MARIA DA CONCEI\u00c7\u00c3O DOS SANTOS MARANH\u00c3O \u2013 ocorrido ontem, dia 10 de dezembro de 2012. &nbsp; Toda a Dire\u00e7\u00e3o do Sindicato presta as homenagens a esta, que em vida, muito contribuiu com a luta da categoria por dias melhores. &nbsp; &nbsp;<\/p>\n","protected":false},"author":2,"featured_media":0,"comment_status":"open","ping_status":"open","sticky":false,"template":"","format":"standard","meta":[],"categories":[5,8],"tags":[],"_links":{"self":[{"href":"http:\/\/sintema.org.br\/sintema\/wp-json\/wp\/v2\/posts\/3261"}],"collection":[{"href":"http:\/\/sintema.org.br\/sintema\/wp-json\/wp\/v2\/posts"}],"about":[{"href":"http:\/\/sintema.org.br\/sintema\/wp-json\/wp\/v2\/types\/post"}],"author":[{"embeddable":true,"href":"http:\/\/sintema.org.br\/sintema\/wp-json\/wp\/v2\/users\/2"}],"replies":[{"embeddable":true,"href":"http:\/\/sintema.org.br\/sintema\/wp-json\/wp\/v2\/comments?post=3261"}],"version-history":[{"count":2,"href":"http:\/\/sintema.org.br\/sintema\/wp-json\/wp\/v2\/posts\/3261\/revisions"}],"predecessor-version":[{"id":3267,"href":"http:\/\/sintema.org.br\/sintema\/wp-json\/wp\/v2\/posts\/3261\/revisions\/3267"}],"wp:attachment":[{"href":"http:\/\/sintema.org.br\/sintema\/wp-json\/wp\/v2\/media?parent=3261"}],"wp:term":[{"taxonomy":"category","embeddable":true,"href":"http:\/\/sintema.org.br\/sintema\/wp-json\/wp\/v2\/categories?post=3261"},{"taxonomy":"post_tag","embeddable":true,"href":"http:\/\/sintema.org.br\/sintema\/wp-json\/wp\/v2\/tags?post=3261"}],"curies":[{"name":"wp","href":"https:\/\/api.w.org\/{rel}","templated":true}]}}