{"id":3264,"date":"2012-12-13T11:44:38","date_gmt":"2012-12-13T11:44:38","guid":{"rendered":"http:\/\/sintema.org.br\/sintema\/?p=3264"},"modified":"2012-12-13T11:45:28","modified_gmt":"2012-12-13T11:45:28","slug":"3264","status":"publish","type":"post","link":"http:\/\/sintema.org.br\/sintema\/3264\/","title":{"rendered":"Missa de S\u00e9timo Dia &#8211; Convite"},"content":{"rendered":"<p><img loading=\"lazy\" class=\"size-full wp-image-2922 alignnone\" title=\"missa_1\" src=\"http:\/\/sintema.org.br\/sintema\/wp-content\/uploads\/2012\/09\/missa_1.jpg\" alt=\"\" width=\"297\" height=\"344\" srcset=\"http:\/\/sintema.org.br\/sintema\/wp-content\/uploads\/2012\/09\/missa_1.jpg 297w, http:\/\/sintema.org.br\/sintema\/wp-content\/uploads\/2012\/09\/missa_1-259x300.jpg 259w\" sizes=\"(max-width: 297px) 100vw, 297px\" \/><\/p>\n<p>&nbsp;<\/p>\n<p>A Missa de S\u00e9timo Dia, solicitada pela fam\u00edlia da associada Maria da Concei\u00e7\u00e3o Santos Maranh\u00e3o ser\u00e1 celebrada pr\u00f3ximo domingo, dia 16\/12\/2012, \u00e0s 09:30 horas, na Igreja Nossa Senhora da Concei\u00e7\u00e3o \u2013 Cohafuma.<\/p>\n<p>&nbsp;<\/p>\n<p>O Sintema convida toda a categoria para participar deste ato de f\u00e9 e piedade crist\u00e3.<\/p>\n","protected":false},"excerpt":{"rendered":"<p>&nbsp; A Missa de S\u00e9timo Dia, solicitada pela fam\u00edlia da associada Maria da Concei\u00e7\u00e3o Santos Maranh\u00e3o ser\u00e1 celebrada pr\u00f3ximo domingo, dia 16\/12\/2012, \u00e0s 09:30 horas, na Igreja Nossa Senhora da Concei\u00e7\u00e3o \u2013 Cohafuma. &nbsp; O Sintema convida toda a categoria para participar deste ato de f\u00e9 e piedade crist\u00e3.<\/p>\n","protected":false},"author":2,"featured_media":0,"comment_status":"open","ping_status":"open","sticky":false,"template":"","format":"standard","meta":[],"categories":[5,8],"tags":[],"_links":{"self":[{"href":"http:\/\/sintema.org.br\/sintema\/wp-json\/wp\/v2\/posts\/3264"}],"collection":[{"href":"http:\/\/sintema.org.br\/sintema\/wp-json\/wp\/v2\/posts"}],"about":[{"href":"http:\/\/sintema.org.br\/sintema\/wp-json\/wp\/v2\/types\/post"}],"author":[{"embeddable":true,"href":"http:\/\/sintema.org.br\/sintema\/wp-json\/wp\/v2\/users\/2"}],"replies":[{"embeddable":true,"href":"http:\/\/sintema.org.br\/sintema\/wp-json\/wp\/v2\/comments?post=3264"}],"version-history":[{"count":2,"href":"http:\/\/sintema.org.br\/sintema\/wp-json\/wp\/v2\/posts\/3264\/revisions"}],"predecessor-version":[{"id":3266,"href":"http:\/\/sintema.org.br\/sintema\/wp-json\/wp\/v2\/posts\/3264\/revisions\/3266"}],"wp:attachment":[{"href":"http:\/\/sintema.org.br\/sintema\/wp-json\/wp\/v2\/media?parent=3264"}],"wp:term":[{"taxonomy":"category","embeddable":true,"href":"http:\/\/sintema.org.br\/sintema\/wp-json\/wp\/v2\/categories?post=3264"},{"taxonomy":"post_tag","embeddable":true,"href":"http:\/\/sintema.org.br\/sintema\/wp-json\/wp\/v2\/tags?post=3264"}],"curies":[{"name":"wp","href":"https:\/\/api.w.org\/{rel}","templated":true}]}}