{"id":3268,"date":"2012-12-13T21:23:36","date_gmt":"2012-12-13T21:23:36","guid":{"rendered":"http:\/\/sintema.org.br\/sintema\/?p=3268"},"modified":"2012-12-14T15:45:08","modified_gmt":"2012-12-14T15:45:08","slug":"encontro-de-aposentados-aprova-estrategias-de-acao","status":"publish","type":"post","link":"http:\/\/sintema.org.br\/sintema\/encontro-de-aposentados-aprova-estrategias-de-acao\/","title":{"rendered":"ENCONTRO DE APOSENTADOS APROVA ESTRAT\u00c9GIAS DE A\u00c7\u00c3O"},"content":{"rendered":"<p><a href=\"http:\/\/sintema.org.br\/sintema\/wp-content\/uploads\/2012\/12\/enavotacao2.jpg\"><img loading=\"lazy\" class=\"alignnone size-large wp-image-3269\" title=\"enavotacao2\" src=\"http:\/\/sintema.org.br\/sintema\/wp-content\/uploads\/2012\/12\/enavotacao2-500x375.jpg\" alt=\"\" width=\"500\" height=\"375\" srcset=\"http:\/\/sintema.org.br\/sintema\/wp-content\/uploads\/2012\/12\/enavotacao2-500x375.jpg 500w, http:\/\/sintema.org.br\/sintema\/wp-content\/uploads\/2012\/12\/enavotacao2-300x225.jpg 300w, http:\/\/sintema.org.br\/sintema\/wp-content\/uploads\/2012\/12\/enavotacao2.jpg 800w\" sizes=\"(max-width: 500px) 100vw, 500px\" \/><\/a><\/p>\n<p>&nbsp;<\/p>\n<p>Os 106 participantes do Encontro Nacional de Aposentados e Assuntos de Aposentadoria, realizado pela FASUBRA Sindical, definiram estrat\u00e9gias para pressionar o Congresso Nacional e Governo Federal para pautar a extin\u00e7\u00e3o do fator previdenci\u00e1rio, barrar a contribui\u00e7\u00e3o de aposentados para a previd\u00eancia e, modificar os crit\u00e9rios de aposentadoria por invalidez.<\/p>\n<p>Eles\u00a0decidiram que ir\u00e3o procurar o Minist\u00e9rio da Educa\u00e7\u00e3o para cobrar celeridade no cumprimento do Acordo de Greve e reposicionamento dos aposentados com paridade. Outra decis\u00e3o importante foi a de que a FASUBRA solicite um Estudo Jur\u00eddico sobre viabiliza\u00e7\u00e3o de campanha pela anula\u00e7\u00e3o da Reforma da Previd\u00eancia e imediata devolu\u00e7\u00e3o dos valores retirados dos trabalhadores.<\/p>\n<p>Aprovaram, ainda, a cria\u00e7\u00e3o da Secretaria de Aposentados, conforme decis\u00e3o do XXI Confasubra, que deliberou pela realiza\u00e7\u00e3o de plen\u00e1ria espec\u00edfica para reforma estatut\u00e1ria. Desta forma, a Federa\u00e7\u00e3o dever\u00e1 elaborar proposta de regimento interno da secretaria, para posterior discuss\u00e3o e vota\u00e7\u00e3o.<\/p>\n<p>&nbsp;<\/p>\n<p>Eles tamb\u00e9m deliberaram que a Federa\u00e7\u00e3o fa\u00e7a uma campanha no m\u00eas de janeiro contra a discrimina\u00e7\u00e3o dos aposentados nos seus locais de trabalho e o desrespeito para com os idosos. Tamb\u00e9m dever\u00e1 haver campanha nos estados com os parlamentares e lideran\u00e7as contra a PEC 70.<\/p>\n<p>Um novo encontro de aposentados, aposentandos e pensionistas ficou previsto para o primeiro semestre de 2013.<\/p>\n<p>&nbsp;<\/p>\n<p>A seguir disponibilizamos, por eixos, a \u00edntegra das propostas aprovadas no Encontro Nacional de Aposentados da Fasubra Sindical.<\/p>\n<p>____________________________________________________________________________________________________<\/p>\n<p align=\"center\"><em><strong>PROPOSTAS APROVADAS NO ENCONTRO DE APOSENTADOS E ASSUNTOS DE APOSENTADORIA DA FASUBRA \u2013 12 E 13 DE DEZEMBRO DE 2012.\u00a0<\/strong><\/em><\/p>\n<p><em><strong>\u00a0<\/strong><\/em><\/p>\n<p><em><strong>EIXO ESPEC\u00cdFICO\u00a0<\/strong><\/em><\/p>\n<p><em><strong>PEC 555<\/strong><\/em><\/p>\n<p>&#8211; Visita aos parlamentares, nos estados e em Bras\u00edlia;<\/p>\n<p>&#8211; Envio de correspond\u00eancia, modelo padronizado elaborado pela FASUBRA, pedindo que solicite aos lideres e presidente da C\u00e2mara e inclus\u00e3o da PEC em pauta;<\/p>\n<p>&#8211; Utiliza\u00e7\u00e3o das redes sociais (comunica\u00e7\u00e3o por computador) cobrando dos parlamentares e popula\u00e7\u00e3o pela aprova\u00e7\u00e3o da PEC 555;<\/p>\n<p>&#8211; Promover marchas e manifesta\u00e7\u00f5es em favor da vota\u00e7\u00e3o da PEC;<\/p>\n<p>&#8211; Press\u00e3o permanente sobre os lideres partid\u00e1rios, que definem a pauta junto com o presidente da C\u00e2mara para apresenta\u00e7\u00e3o da PEC;<\/p>\n<p><em><strong>EC 70<\/strong><\/em><\/p>\n<p>\u2013 Procurar os parlamentares para cria\u00e7\u00e3o de outra Emenda Constitucional, corrigindo e revisando a EC 70, para que o per\u00edodo de retroatividade de abrang\u00eancia seja para todos os aposentados por invalidez permanente, independente de data de aposentadoria;<\/p>\n<p>\u2013 Que a FASUBRA interfira dentro do MEC e MPOG, para que as universidades que ainda n\u00e3o fizeram o enquadramento e pagamento dos valores retroativos dos servidores que se aposentaram por invalidez ap\u00f3s a EC 41.<\/p>\n<p>\u2013 Que a Coordena\u00e7\u00e3o de Aposentados da FASUBRA, fa\u00e7a uma visita\/agenda, ou audi\u00eancia com a Deputada Federal Andreia Zito;<\/p>\n<p>\u2013 Mobilizar todo Servi\u00e7o P\u00fablico Federal, e organizar toda categoria para interferir dentro do parlamento para que seja dada celeridade a esta Emenda Constitucional;<\/p>\n<p><em><strong>ACORDO DE GREVE E REPOSICIONAMENTO DOS APOSENTADOS<\/strong><\/em><\/p>\n<p>\u2013 Que a FASUBRA cobre do MEC a agilidade e resolutividade do Acordo de Greve assinado em 2012;<\/p>\n<p>\u2013 Cobrar do MEC defini\u00e7\u00e3o imediata pelo Reposicionamento dos Aposentados, respeitando as delibera\u00e7\u00f5es de plen\u00e1rias da FASUBRA;<\/p>\n<p>\u2013 Que a FASUBRA mantenha a mobiliza\u00e7\u00e3o permanente da categoria, e se necess\u00e1rio, fazer uma convoca\u00e7\u00e3o com passeata, acampamentos e manifesta\u00e7\u00f5es, para o cumprimento do Acordo de Greve;<\/p>\n<p><em><strong>FATOR PREVIDENCI\u00c1RIO<\/strong><\/em><\/p>\n<p>\u2013 Que a FASUBRA intensifique juntamente com as Centrais Sindicais a luta pelo fim do FATOR PREVIDENCI\u00c1RIO;<\/p>\n<p><em><strong>\u00a0<\/strong><\/em><strong>EIXO GERAL<\/strong><\/p>\n<p>\u2013 Que a dire\u00e7\u00e3o da FASUBRA, atrav\u00e9s de suar organiza\u00e7\u00e3o proporcional e coletiva e, atendendo as demandas regionais, crie a Secretaria de Aposentados da Federa\u00e7\u00e3o, com prazo de 90 dias;<\/p>\n<p>\u2013 Que no dia 24 de janeiro \u2013 dia do aposentado \u2013 seja feita visitas a todos os parlamentares nas bases;<\/p>\n<p>\u2013 Aproveitar o dia 24 de janeiro para fazer divulga\u00e7\u00e3o nas Redes Sociais;<\/p>\n<p>\u2013 Aproveitar o dia 24 de janeiro, para fazer inser\u00e7\u00f5es nas Reitorias cobrando posicionamento de apoio dos Reitores (as) para a luta dos aposentados, com carta padronizada pela FASUBRA;<\/p>\n<p>\u2013 Mobilizar todos trabalhadores do Servi\u00e7o P\u00fablico Federal para que tamb\u00e9m seja repassado aos aposentados o Aux\u00edlio Alimenta\u00e7\u00e3o;<\/p>\n<p>&#8211; Reajuste dos valores Per Capita de Auxilio Sa\u00fade, no mesmo percentual das mensalidades dos Planos de Sa\u00fade de Auto-gest\u00e3o;<\/p>\n<p>&#8211; Isonomia de tratamento nos valores Per Capita entre todos os poderes da federa\u00e7\u00e3o;<\/p>\n<p>&#8211; Que a FASUBRA solicite um Estudo Jur\u00eddico sobre viabiliza\u00e7\u00e3o de campanha pela ANULA\u00c7\u00c3O DA REFORMA DA PREVID\u00caNCIA e imediata devolu\u00e7\u00e3o dos valores retirados dos trabalhadores;<\/p>\n<p>&#8211; Pela manuten\u00e7\u00e3o da paridade entre ativos e aposentados;<\/p>\n<p>&#8211; Manuten\u00e7\u00e3o dos aposentados na Folha de Pagamento do MEC;<\/p>\n<p>&#8211; Que a FASUBRA fa\u00e7a contato com a ANDIFES, para que todos aposentados possam fazer parte dos Conselhos Superiores das Institui\u00e7\u00f5es, alem de participa\u00e7\u00e3o nas elei\u00e7\u00f5es de escolha de Reitores;<\/p>\n<p>&#8211; Que os reitores orientem seus recursos humanos para n\u00e3o utilizarem a palavra INATIVOS quando for se referir aos trabalhadores Aposentados;<\/p>\n<p>&#8211; Manter visita ao Senador SARNEY e demais deputados e senadores para cobrar nossa isonomia com outros poderes;<\/p>\n<p>&#8211; Descongelamento dos Quintos de Fun\u00e7\u00f5es Gratificadas e Vantagem Pessoal Nominalmente Identificada;<\/p>\n<p>&#8211; Descongelamentos dos Artigos 184 da Lei 1711\/52 e Artigo 192 da lei 8112\/90;<\/p>\n<p>&#8211; Que a FASUBRA aproveito o m\u00eas dos aposentados \u2013 janeiro e fa\u00e7a uma campanha contra a discrimina\u00e7\u00e3o e desrespeito dos APOSENTADOS, PENSIONISTAS e IDOSOS;<\/p>\n<p>&#8211; Cria\u00e7ao de uma pagina\/blog\/facebook com referencia \u00e0 coordena\u00e7\u00e3o de aposentados e assuntos de aposentaodoria;<\/p>\n<p>&#8211; NOVO ENCONTRO DE APOSENTADOS PARA MAR\u00c7O OU ABRIL DE 2013.<\/p>\n<p>_______________________________________________________________________________________________<\/p>\n<p><em><strong>Reda\u00e7\u00e3o e fotos : Carla Jurumenha &#8211; ASCOM FASUBRA<\/strong><\/em><\/p>\n<p><em><strong>Sistematiza\u00e7\u00e3o das propostas &#8211; Coordena\u00e7\u00e3o de Aposentados e Assuntos de Aposentadoria.<\/strong><\/em><\/p>\n<p>&nbsp;<\/p>\n<p>Fonte: www.fasubra.org.br<\/p>\n","protected":false},"excerpt":{"rendered":"<p>&nbsp; Os 106 participantes do Encontro Nacional de Aposentados e Assuntos de Aposentadoria, realizado pela FASUBRA Sindical, definiram estrat\u00e9gias para pressionar o Congresso Nacional e Governo Federal para pautar a extin\u00e7\u00e3o do fator previdenci\u00e1rio, barrar a contribui\u00e7\u00e3o de aposentados para a previd\u00eancia e, modificar os crit\u00e9rios de aposentadoria por invalidez. Eles\u00a0decidiram que ir\u00e3o procurar o [&hellip;]<\/p>\n","protected":false},"author":2,"featured_media":0,"comment_status":"open","ping_status":"open","sticky":false,"template":"","format":"standard","meta":[],"categories":[5,18],"tags":[],"_links":{"self":[{"href":"http:\/\/sintema.org.br\/sintema\/wp-json\/wp\/v2\/posts\/3268"}],"collection":[{"href":"http:\/\/sintema.org.br\/sintema\/wp-json\/wp\/v2\/posts"}],"about":[{"href":"http:\/\/sintema.org.br\/sintema\/wp-json\/wp\/v2\/types\/post"}],"author":[{"embeddable":true,"href":"http:\/\/sintema.org.br\/sintema\/wp-json\/wp\/v2\/users\/2"}],"replies":[{"embeddable":true,"href":"http:\/\/sintema.org.br\/sintema\/wp-json\/wp\/v2\/comments?post=3268"}],"version-history":[{"count":3,"href":"http:\/\/sintema.org.br\/sintema\/wp-json\/wp\/v2\/posts\/3268\/revisions"}],"predecessor-version":[{"id":3271,"href":"http:\/\/sintema.org.br\/sintema\/wp-json\/wp\/v2\/posts\/3268\/revisions\/3271"}],"wp:attachment":[{"href":"http:\/\/sintema.org.br\/sintema\/wp-json\/wp\/v2\/media?parent=3268"}],"wp:term":[{"taxonomy":"category","embeddable":true,"href":"http:\/\/sintema.org.br\/sintema\/wp-json\/wp\/v2\/categories?post=3268"},{"taxonomy":"post_tag","embeddable":true,"href":"http:\/\/sintema.org.br\/sintema\/wp-json\/wp\/v2\/tags?post=3268"}],"curies":[{"name":"wp","href":"https:\/\/api.w.org\/{rel}","templated":true}]}}