{"id":3974,"date":"2013-07-26T19:31:00","date_gmt":"2013-07-26T19:31:00","guid":{"rendered":"http:\/\/sintema.org.br\/sintema\/?p=3974"},"modified":"2013-07-26T19:38:30","modified_gmt":"2013-07-26T19:38:30","slug":"servidores-da-ufma-cadastram-digitais-para-inicio-do-projeto-piloto-das-30-horas","status":"publish","type":"post","link":"http:\/\/sintema.org.br\/sintema\/servidores-da-ufma-cadastram-digitais-para-inicio-do-projeto-piloto-das-30-horas\/","title":{"rendered":"Servidores da UFMA cadastram digitais para in\u00edcio do Projeto piloto das 30 horas"},"content":{"rendered":"<p>A Comiss\u00e3o das 30 horas apresentou \u00e0s Chefias nos dias 22 e 23 de julho, durante as reuni\u00f5es do CONSEPE e CONSAD, as bases legais, dados gerais e espec\u00edficos e formul\u00e1rios aplicados para a implanta\u00e7\u00e3o da fase de teste das 30 horas.<\/p>\n<p>&nbsp;<\/p>\n<p>Al\u00e9m disso, as informa\u00e7\u00f5es captadas pelos membros da Comiss\u00e3o durante os \u00faltimos meses, al\u00e9m do cronograma de implanta\u00e7\u00e3o da fase experimental foram divulgados. Ao final das explana\u00e7\u00f5es, os gestores elogiaram o trabalho desenvolvido pela Comiss\u00e3o de amplia\u00e7\u00e3o e flexibiliza\u00e7\u00e3o da jornada de trabalho na UFMA, dizendo ainda que tal atitude j\u00e1 deveria ter sido tomada h\u00e1 algum tempo atr\u00e1s.<\/p>\n<p>&nbsp;<\/p>\n[caption id=\"attachment_3975\" align=\"alignnone\" width=\"430\"]<a href=\"http:\/\/sintema.org.br\/sintema\/wp-content\/uploads\/2013\/07\/DESTAQUES.jpg\"><img loading=\"lazy\" class=\" wp-image-3975 \" alt=\"DESTAQUES\" src=\"http:\/\/sintema.org.br\/sintema\/wp-content\/uploads\/2013\/07\/DESTAQUES.jpg\" width=\"430\" height=\"323\" srcset=\"http:\/\/sintema.org.br\/sintema\/wp-content\/uploads\/2013\/07\/DESTAQUES.jpg 1024w, http:\/\/sintema.org.br\/sintema\/wp-content\/uploads\/2013\/07\/DESTAQUES-300x225.jpg 300w\" sizes=\"(max-width: 430px) 100vw, 430px\" \/><\/a> Servidor T\u00e9cnico-administrativo da UFMA, realiza cadastro da digital para implementa\u00e7\u00e3o da fase &#8220;piloto&#8221; do Projeto das 30 horas semanais.[\/caption]\n<p>&nbsp;<\/p>\n<p>Desde ontem, 25, membros da Comiss\u00e3o iniciaram o cadastramento das digitais dos servidores do NTI, Biblioteca e PRH, setores que ser\u00e3o contemplados com a fase experimental.<\/p>\n<p>&nbsp;<\/p>\n<p>Segundo o secret\u00e1rio geral do Sintema, Jo\u00e3o Batista Jansen, que tamb\u00e9m \u00e9 membro da Comiss\u00e3o, t\u00e3o logo seja publicada a Portaria que autoriza o inicio do Projeto piloto, pela administra\u00e7\u00e3o da Ufma, os servidores dos setores descritos ir\u00e3o trabalhar no regime das 6 horas di\u00e1rias.<\/p>\n<p>&nbsp;<\/p>\n<p>A previs\u00e3o \u00e9 de que em meados de novembro o Projeto final esteja pronto.<\/p>\n<p>&nbsp;<\/p>\n<p>Fonte: Imprensa Sintema.<\/p>\n","protected":false},"excerpt":{"rendered":"<p>A Comiss\u00e3o das 30 horas apresentou \u00e0s Chefias nos dias 22 e 23 de julho, durante as reuni\u00f5es do CONSEPE e CONSAD, as bases legais, dados gerais e espec\u00edficos e formul\u00e1rios aplicados para a implanta\u00e7\u00e3o da fase de teste das 30 horas. &nbsp; Al\u00e9m disso, as informa\u00e7\u00f5es captadas pelos membros da Comiss\u00e3o durante os \u00faltimos [&hellip;]<\/p>\n","protected":false},"author":2,"featured_media":0,"comment_status":"open","ping_status":"open","sticky":false,"template":"","format":"standard","meta":[],"categories":[5],"tags":[],"_links":{"self":[{"href":"http:\/\/sintema.org.br\/sintema\/wp-json\/wp\/v2\/posts\/3974"}],"collection":[{"href":"http:\/\/sintema.org.br\/sintema\/wp-json\/wp\/v2\/posts"}],"about":[{"href":"http:\/\/sintema.org.br\/sintema\/wp-json\/wp\/v2\/types\/post"}],"author":[{"embeddable":true,"href":"http:\/\/sintema.org.br\/sintema\/wp-json\/wp\/v2\/users\/2"}],"replies":[{"embeddable":true,"href":"http:\/\/sintema.org.br\/sintema\/wp-json\/wp\/v2\/comments?post=3974"}],"version-history":[{"count":4,"href":"http:\/\/sintema.org.br\/sintema\/wp-json\/wp\/v2\/posts\/3974\/revisions"}],"predecessor-version":[{"id":3977,"href":"http:\/\/sintema.org.br\/sintema\/wp-json\/wp\/v2\/posts\/3974\/revisions\/3977"}],"wp:attachment":[{"href":"http:\/\/sintema.org.br\/sintema\/wp-json\/wp\/v2\/media?parent=3974"}],"wp:term":[{"taxonomy":"category","embeddable":true,"href":"http:\/\/sintema.org.br\/sintema\/wp-json\/wp\/v2\/categories?post=3974"},{"taxonomy":"post_tag","embeddable":true,"href":"http:\/\/sintema.org.br\/sintema\/wp-json\/wp\/v2\/tags?post=3974"}],"curies":[{"name":"wp","href":"https:\/\/api.w.org\/{rel}","templated":true}]}}