{"id":3992,"date":"2013-08-08T15:58:47","date_gmt":"2013-08-08T15:58:47","guid":{"rendered":"http:\/\/sintema.org.br\/sintema\/?p=3992"},"modified":"2013-08-08T15:58:47","modified_gmt":"2013-08-08T15:58:47","slug":"pesquisa-revela-amplo-apoio-popular-da-classe-trabalhadora-a-reforma-politica","status":"publish","type":"post","link":"http:\/\/sintema.org.br\/sintema\/pesquisa-revela-amplo-apoio-popular-da-classe-trabalhadora-a-reforma-politica\/","title":{"rendered":"Pesquisa revela amplo apoio popular da classe trabalhadora \u00e0 reforma pol\u00edtica"},"content":{"rendered":"<p>Dia 7 de agosto foi divulgada a pesquisa do Ibope Intelig\u00eancia, cujo conte\u00fado relevou que 85% dos brasileiros s\u00e3o a favor da reforma pol\u00edtica. A pesquisa mostrou tamb\u00e9m que 92% dos entrevistados querem que a medida aconte\u00e7a por meio de uma proposta de iniciativa popular, ideia que tamb\u00e9m \u00e9 defendida pela CTB.<\/p>\n<p><a href=\"http:\/\/sintema.org.br\/sintema\/wp-content\/uploads\/2013\/08\/reforma_politica1.jpg\"><img loading=\"lazy\" class=\"alignnone size-full wp-image-3993\" alt=\"reforma_politica1\" src=\"http:\/\/sintema.org.br\/sintema\/wp-content\/uploads\/2013\/08\/reforma_politica1.jpg\" width=\"320\" height=\"260\" srcset=\"http:\/\/sintema.org.br\/sintema\/wp-content\/uploads\/2013\/08\/reforma_politica1.jpg 320w, http:\/\/sintema.org.br\/sintema\/wp-content\/uploads\/2013\/08\/reforma_politica1-300x243.jpg 300w\" sizes=\"(max-width: 320px) 100vw, 320px\" \/><\/a><\/p>\n<p>Na opini\u00e3o do secret\u00e1rio da Juventude Trabalhadora da CTB, Paulo Vin\u00edcius, \u201ca juventude n\u00e3o se reconhece no atual sistema pol\u00edtico\u201d. Para ele, a reforma \u00e9 essencial para que os jovens, mulheres, negros em especial a classe trabalhadora seja inclu\u00edda no poder pol\u00edtico.<\/p>\n<p><strong>Financiamento das campanhas<\/strong><\/p>\n<p>Sobre doa\u00e7\u00f5es eleitorais, o estudo aponta que 78% se manifestaram contr\u00e1rios a que empresas privadas possam contribuir com recursos a partidos e candidatos. Na mesma linha, 80% dos entrevistados disseram que deveria haver um limite para o uso de dinheiro p\u00fablico nas campanhas eleitorais.<\/p>\n<p>A este respeito o secret\u00e1rio da juventude analisa que os limites estruturais da pol\u00edtica que \u201cse mostram claramente pelo financiamento privado das campanhas eleitorais subordinam a pol\u00edtica ao empresariado\u201d, assegurando assim a composi\u00e7\u00e3o conservadora das inst\u00e2ncias eletivas, obrigando a acordos e \u00e0 lentid\u00e3o das mudan\u00e7as.<\/p>\n<p>Neste sentido, a secret\u00e1ria da Mulher Trabalhadora da CTB, Raimunda Gomes, concorda que o financiamento das campanhas deve ser exclusivamente p\u00fablico \u201cpara garantir igualdade de condi\u00e7\u00f5es entre todos e todas que disputam o pleito e evitar apadrinhamentos\u201d. Ela tamb\u00e9m afirmou que outra medida importante na reforma \u00e9 o voto por lista \u201cpara valorizar os partidos pol\u00edticos\u201d e respeitar a cota de g\u00eanero.<\/p>\n<p>Raimunda Gomes lembrou que da quest\u00e3o da igualdade de g\u00eanero \u201c\u00e9 preciso estabelecer igualdade entre homens e mulheres, reconhecendo que as mulheres s\u00f3 s\u00e3o minoria, porque s\u00e3o preteridas, em termos de condi\u00e7\u00f5es com os homens, nas disputas, e isso com certeza incomoda muitos homens\u201d para ela uma quest\u00e3o esta \u00e9 uma quest\u00e3o fundamental para a aprova\u00e7\u00e3o da reforma.<\/p>\n<p><strong>Democratiza\u00e7\u00e3o dos meios de comunica\u00e7\u00e3o<\/strong><\/p>\n<p>Outro tema que a reforma deve ter, segundo Paulo Vin\u00edcius, \u00e9 a democratiza\u00e7\u00e3o dos meios de comunica\u00e7\u00e3o. &#8220;Os monop\u00f3lios da m\u00eddia refor\u00e7am a elitiza\u00e7\u00e3o da representa\u00e7\u00e3o, funcionando como filtro para o povo e barreira que distorce as suas demandas em favor de prop\u00f3sitos conservadores&#8221;, afrmou.<\/p>\n<p><strong>Manifesta\u00e7\u00f5es<\/strong><\/p>\n<p>De acordo com a pesquisa, 84% disseram que s\u00e3o a favor das manifesta\u00e7\u00f5es populares que tomaram as ruas do pa\u00eds nos \u00faltimos meses.Neste sentido, Raimunda Gomes afirmou que o\u00a0motivo que levou milhares \u00e0s ruas foi o anseio por mudan\u00e7as e o conhecimento acerca da legisla\u00e7\u00e3o eleitoral, para ela os movimentos sociais tem um grande papel no processo de esclarecimentos das massas acerca da reforma politica, &#8220;porque ela [reforma] pode ser apenas a conforma\u00e7\u00e3o para alguns, mas uma transforma\u00e7\u00e3o para o conjunto da sociedade&#8221;.<\/p>\n<p>A pesquisa foi encomendada pelo Movimento de Combate \u00e0 Corrup\u00e7\u00e3o Eleitoral (MCCE), da qual faz parte a Ordem dos Advogados do Brasil (OAB). O Ibope Intelig\u00eancia ouviu, entre 27 e 30 de julho, 1500 pessoas com mais de 16 anos, por telefone. A margem de erro \u00e9 de 3 pontos porcentuais para mais ou para menos.<\/p>\n<p><strong>Portal CTB, com ag\u00eancias<\/strong><\/p>\n","protected":false},"excerpt":{"rendered":"<p>Dia 7 de agosto foi divulgada a pesquisa do Ibope Intelig\u00eancia, cujo conte\u00fado relevou que 85% dos brasileiros s\u00e3o a favor da reforma pol\u00edtica. A pesquisa mostrou tamb\u00e9m que 92% dos entrevistados querem que a medida aconte\u00e7a por meio de uma proposta de iniciativa popular, ideia que tamb\u00e9m \u00e9 defendida pela CTB. Na opini\u00e3o do [&hellip;]<\/p>\n","protected":false},"author":2,"featured_media":0,"comment_status":"open","ping_status":"open","sticky":false,"template":"","format":"standard","meta":[],"categories":[5,18],"tags":[],"_links":{"self":[{"href":"http:\/\/sintema.org.br\/sintema\/wp-json\/wp\/v2\/posts\/3992"}],"collection":[{"href":"http:\/\/sintema.org.br\/sintema\/wp-json\/wp\/v2\/posts"}],"about":[{"href":"http:\/\/sintema.org.br\/sintema\/wp-json\/wp\/v2\/types\/post"}],"author":[{"embeddable":true,"href":"http:\/\/sintema.org.br\/sintema\/wp-json\/wp\/v2\/users\/2"}],"replies":[{"embeddable":true,"href":"http:\/\/sintema.org.br\/sintema\/wp-json\/wp\/v2\/comments?post=3992"}],"version-history":[{"count":2,"href":"http:\/\/sintema.org.br\/sintema\/wp-json\/wp\/v2\/posts\/3992\/revisions"}],"predecessor-version":[{"id":3995,"href":"http:\/\/sintema.org.br\/sintema\/wp-json\/wp\/v2\/posts\/3992\/revisions\/3995"}],"wp:attachment":[{"href":"http:\/\/sintema.org.br\/sintema\/wp-json\/wp\/v2\/media?parent=3992"}],"wp:term":[{"taxonomy":"category","embeddable":true,"href":"http:\/\/sintema.org.br\/sintema\/wp-json\/wp\/v2\/categories?post=3992"},{"taxonomy":"post_tag","embeddable":true,"href":"http:\/\/sintema.org.br\/sintema\/wp-json\/wp\/v2\/tags?post=3992"}],"curies":[{"name":"wp","href":"https:\/\/api.w.org\/{rel}","templated":true}]}}