{"id":4042,"date":"2013-08-29T21:32:55","date_gmt":"2013-08-29T21:32:55","guid":{"rendered":"http:\/\/sintema.org.br\/sintema\/?p=4042"},"modified":"2013-08-29T21:38:08","modified_gmt":"2013-08-29T21:38:08","slug":"presidente-do-sintema-participa-de-reuniao-com-o-mec-para-tratar-do-gt-racionalizacao","status":"publish","type":"post","link":"http:\/\/sintema.org.br\/sintema\/presidente-do-sintema-participa-de-reuniao-com-o-mec-para-tratar-do-gt-racionalizacao\/","title":{"rendered":"Presidente do Sintema participa de reuni\u00e3o com o MEC para tratar do GT Racionaliza\u00e7\u00e3o"},"content":{"rendered":"<p>Em reuni\u00e3o ocorrida na \u00faltima ter\u00e7a-feira (28), a FASUBRA Sindical assinou o Relat\u00f3rio Final do Grupo de Trabalho Racionaliza\u00e7\u00e3o, tamb\u00e9m ratificado por representantes da Secretaria de Ensino Superior do MEC, CONIF e SINASEFE.<\/p>\n<p><a href=\"http:\/\/sintema.org.br\/sintema\/wp-content\/uploads\/2013\/08\/gtrelatoriofinalracionalizacao280820131.jpg\"><img loading=\"lazy\" class=\"alignnone  wp-image-4043\" alt=\"gtrelatoriofinalracionalizacao280820131\" src=\"http:\/\/sintema.org.br\/sintema\/wp-content\/uploads\/2013\/08\/gtrelatoriofinalracionalizacao280820131.jpg\" width=\"504\" height=\"294\" srcset=\"http:\/\/sintema.org.br\/sintema\/wp-content\/uploads\/2013\/08\/gtrelatoriofinalracionalizacao280820131.jpg 800w, http:\/\/sintema.org.br\/sintema\/wp-content\/uploads\/2013\/08\/gtrelatoriofinalracionalizacao280820131-300x175.jpg 300w\" sizes=\"(max-width: 504px) 100vw, 504px\" \/><\/a><\/p>\n<p>A finaliza\u00e7\u00e3o do documento teve por objetivo concluir as atividades do GT Racionaliza\u00e7\u00e3o de Cargos, em atendimento ao previsto no Acordo de Greve, resultante dos trabalhos oriundos das mesas de negocia\u00e7\u00e3o ocorridas em 2012.<\/p>\n<p>Pela FASUBRA Sindical estiveram presentes \u00e0 reuni\u00e3o o coordenador-geral, Paulo Henrique dos Santos; a coordenadora de Rela\u00e7\u00f5es Jur\u00eddicas e do Trabalho, Vanda Lucas; a coordenadora de Educa\u00e7\u00e3o, Ros\u00e2ngela Costa; Marcos Acioly (UFRPE), V\u00e2nia Helena Gon\u00e7alves (UFSCAR) e Marilda Ferreira da coordena\u00e7\u00e3o de Organiza\u00e7\u00e3o Sindical\/FASUBRA.<\/p>\n<p>Mariano Azevedo, presidente do Sintema e membro do Grupo de Trabalho de Racionaliza\u00e7\u00e3o dos Cargos, e esteve representando os T\u00e9cnico-administrativos em Educa\u00e7\u00e3o Superior do Maranh\u00e3o.<\/p>\n<p>A \u00edntegra do relat\u00f3rio ser\u00e1 publicada em Informe de Dire\u00e7\u00e3o.<\/p>\n<p>&nbsp;<\/p>\n<p>Com informa\u00e7\u00f5es da FASUBRA.<\/p>\n<p>&nbsp;<\/p>\n","protected":false},"excerpt":{"rendered":"<p>Em reuni\u00e3o ocorrida na \u00faltima ter\u00e7a-feira (28), a FASUBRA Sindical assinou o Relat\u00f3rio Final do Grupo de Trabalho Racionaliza\u00e7\u00e3o, tamb\u00e9m ratificado por representantes da Secretaria de Ensino Superior do MEC, CONIF e SINASEFE. A finaliza\u00e7\u00e3o do documento teve por objetivo concluir as atividades do GT Racionaliza\u00e7\u00e3o de Cargos, em atendimento ao previsto no Acordo de [&hellip;]<\/p>\n","protected":false},"author":2,"featured_media":0,"comment_status":"open","ping_status":"open","sticky":false,"template":"","format":"standard","meta":[],"categories":[5,18],"tags":[],"_links":{"self":[{"href":"http:\/\/sintema.org.br\/sintema\/wp-json\/wp\/v2\/posts\/4042"}],"collection":[{"href":"http:\/\/sintema.org.br\/sintema\/wp-json\/wp\/v2\/posts"}],"about":[{"href":"http:\/\/sintema.org.br\/sintema\/wp-json\/wp\/v2\/types\/post"}],"author":[{"embeddable":true,"href":"http:\/\/sintema.org.br\/sintema\/wp-json\/wp\/v2\/users\/2"}],"replies":[{"embeddable":true,"href":"http:\/\/sintema.org.br\/sintema\/wp-json\/wp\/v2\/comments?post=4042"}],"version-history":[{"count":4,"href":"http:\/\/sintema.org.br\/sintema\/wp-json\/wp\/v2\/posts\/4042\/revisions"}],"predecessor-version":[{"id":4045,"href":"http:\/\/sintema.org.br\/sintema\/wp-json\/wp\/v2\/posts\/4042\/revisions\/4045"}],"wp:attachment":[{"href":"http:\/\/sintema.org.br\/sintema\/wp-json\/wp\/v2\/media?parent=4042"}],"wp:term":[{"taxonomy":"category","embeddable":true,"href":"http:\/\/sintema.org.br\/sintema\/wp-json\/wp\/v2\/categories?post=4042"},{"taxonomy":"post_tag","embeddable":true,"href":"http:\/\/sintema.org.br\/sintema\/wp-json\/wp\/v2\/tags?post=4042"}],"curies":[{"name":"wp","href":"https:\/\/api.w.org\/{rel}","templated":true}]}}