{"id":4049,"date":"2013-08-30T16:52:47","date_gmt":"2013-08-30T16:52:47","guid":{"rendered":"http:\/\/sintema.org.br\/sintema\/?p=4049"},"modified":"2013-09-11T12:34:30","modified_gmt":"2013-09-11T12:34:30","slug":"trabalhadores-encaminham-demandas-em-assembleia-geral","status":"publish","type":"post","link":"http:\/\/sintema.org.br\/sintema\/trabalhadores-encaminham-demandas-em-assembleia-geral\/","title":{"rendered":"Trabalhadores encaminham demandas em Assembleia Geral"},"content":{"rendered":"<p>Os T\u00e9cnico-administrativos em Educa\u00e7\u00e3o da UFMA encaminharam diversas demandas em assembleia geral da Categoria realizada na tarde de ontem (29), no audit\u00f3rio Ribamar Carvalho. O ato, realizado em segunda convoca\u00e7\u00e3o foi presidido pelo presidente do Sintema, Mariano Azevedo, e secretariado por Miguel Barbosa, secretario adjunto da diretoria.<\/p>\n[caption id=\"attachment_4051\" align=\"alignnone\" width=\"430\"]<a href=\"http:\/\/sintema.org.br\/sintema\/wp-content\/uploads\/2013\/08\/mesaa.png\"><img loading=\"lazy\" class=\" wp-image-4051 \" alt=\"mesaa\" src=\"http:\/\/sintema.org.br\/sintema\/wp-content\/uploads\/2013\/08\/mesaa.png\" width=\"430\" height=\"286\" srcset=\"http:\/\/sintema.org.br\/sintema\/wp-content\/uploads\/2013\/08\/mesaa.png 614w, http:\/\/sintema.org.br\/sintema\/wp-content\/uploads\/2013\/08\/mesaa-300x199.png 300w\" sizes=\"(max-width: 430px) 100vw, 430px\" \/><\/a> Mariano Azevedo e Miguel Barbosa compuseram os trabalhos da mesa.[\/caption]\n<p>Logo no in\u00edcio, nos informes, Mariano Azevedo que \u00e9 membro do Grupo de Trabalho da Fasubra que trata da racionaliza\u00e7\u00e3o de cargos, repassou aos presentes que o relat\u00f3rio final com as demandas da categoria para a mudan\u00e7a no PCCTAE foi entregue em reuni\u00e3o realizada dia 28 de agosto entre MEC e FASUBRA.<\/p>\n<p>O Dia Nacional de Mobiliza\u00e7\u00f5es e Paralisa\u00e7\u00f5es \u2013 30 de agosto &#8211; foi objeto do segundo informe proferido pelo dirigente sindical, que conclamou os servidores a participarem desta atividade, que \u00e9 a continua\u00e7\u00e3o do plano de lutas desenvolvido pelas Centrais Sindicais que no Maranh\u00e3o, contou com a primeira atividade em 11 de julho. A mobiliza\u00e7\u00e3o deste dia 30 de agosto come\u00e7a a partir das 14 horas com concentra\u00e7\u00e3o na pra\u00e7a Deodoro, centro de S\u00e3o Lu\u00eds.<\/p>\n<p>Em seguida, passou-se para a escolha de Delegados que v\u00e3o representar a Categoria na Plen\u00e1ria Nacional da Fasubra dos dias 13 de 14 de setembro. Duas chapas se inscrever\u00e3o para participar da vota\u00e7\u00e3o. Mariano Azevedo encabe\u00e7ou a chapa 1, j\u00e1 o servidor da base Paulo de Tasso liderou a chapa 2.<\/p>\n[caption id=\"attachment_4057\" align=\"alignnone\" width=\"368\"]<a href=\"http:\/\/sintema.org.br\/sintema\/wp-content\/uploads\/2013\/08\/mariano11.jpg\"><img loading=\"lazy\" class=\" wp-image-4057\" alt=\"mariano1\" src=\"http:\/\/sintema.org.br\/sintema\/wp-content\/uploads\/2013\/08\/mariano11.jpg\" width=\"368\" height=\"245\" srcset=\"http:\/\/sintema.org.br\/sintema\/wp-content\/uploads\/2013\/08\/mariano11.jpg 614w, http:\/\/sintema.org.br\/sintema\/wp-content\/uploads\/2013\/08\/mariano11-300x199.jpg 300w\" sizes=\"(max-width: 368px) 100vw, 368px\" \/><\/a> Mariano Azevedo, presidente do Sintema, defendeu a chapa 1[\/caption]\n<p>&nbsp;<\/p>\n<p>&nbsp;<\/p>\n<p>&nbsp;<\/p>\n<p>&nbsp;<\/p>\n[caption id=\"attachment_4059\" align=\"alignnone\" width=\"368\"]<a href=\"http:\/\/sintema.org.br\/sintema\/wp-content\/uploads\/2013\/08\/paulo.jpg\"><img loading=\"lazy\" class=\" wp-image-4059\" alt=\"paulo\" src=\"http:\/\/sintema.org.br\/sintema\/wp-content\/uploads\/2013\/08\/paulo.jpg\" width=\"368\" height=\"245\" srcset=\"http:\/\/sintema.org.br\/sintema\/wp-content\/uploads\/2013\/08\/paulo.jpg 614w, http:\/\/sintema.org.br\/sintema\/wp-content\/uploads\/2013\/08\/paulo-300x199.jpg 300w\" sizes=\"(max-width: 368px) 100vw, 368px\" \/><\/a> Paulo de Tarso, servidor da base, defendeu a chapa 2.[\/caption]\n<p>Por 24 votos a 9, a chapa 1 foi a escolhida e elegeu dois delegados e, a outra chapa elegeu um delegado. Ademar Sena de Carvalho, diretor de finan\u00e7as do Sintema, foi indicado da Dire\u00e7\u00e3o e aclamado pela assembl\u00e9ia geral.<\/p>\n<p>O secret\u00e1rio geral do Sintema, Jo\u00e3o Batista Jansen, membro da Comiss\u00e3o das 30 horas na Ufma, exp\u00f4s os encaminhamentos desta demanda. Segundo Jansen, foi juntado o parecer jur\u00eddico ao Projeto piloto com o objetivo de encaminhar o documento ao magn\u00edfico Reitor, Natalino Salgado Filho, para que t\u00e3o logo seja assinada a Portaria institucional que autoriza a fase experimental que acontecer\u00e1 inicialmente no NIB \u2013 N\u00facleo de Bibliotecas, NTI \u2013 N\u00facleo de T\u00e9cnologia e PRH \u2013 Pr\u00f3-Reitoria de Recursos Humanos.<\/p>\n[caption id=\"attachment_4058\" align=\"alignnone\" width=\"398\"]<a href=\"http:\/\/sintema.org.br\/sintema\/wp-content\/uploads\/2013\/08\/jansen.jpg\"><img loading=\"lazy\" class=\" wp-image-4058\" alt=\"jansen\" src=\"http:\/\/sintema.org.br\/sintema\/wp-content\/uploads\/2013\/08\/jansen.jpg\" width=\"398\" height=\"265\" srcset=\"http:\/\/sintema.org.br\/sintema\/wp-content\/uploads\/2013\/08\/jansen.jpg 737w, http:\/\/sintema.org.br\/sintema\/wp-content\/uploads\/2013\/08\/jansen-300x199.jpg 300w\" sizes=\"(max-width: 398px) 100vw, 398px\" \/><\/a> Jo\u00e3o Batista Jansen, secret\u00e1rio geral do Sintema e membro da Comiss\u00e3o das 30 horas semanais na UFMA.[\/caption]\n<p>Todos os servidores destas \u00e1reas j\u00e1 tiveram o cadastramento biom\u00e9trico realizado. \u201cNos pr\u00f3ximos dias os membros da Comiss\u00e3o estar\u00e3o passando nos setores para o recolhimento final dos formul\u00e1rios entregues para preenchimento, posteriomente a fase experimental deveremos estar finalizando o projeto em meados de outubro\/novembro\u201d finalizou o diretor.<\/p>\n<p>&nbsp;<\/p>\n<p>Antes de encerrar a assembl\u00e9ia geral, o presidente do Sintema informou aos trabalhadores que em contato mantido com Elisa Lago, pr\u00f3-Reitora de recursos humanos da Ufma, foi informado que a universidade licitar\u00e1 novos planos de sa\u00fade para que os servidores tenham a op\u00e7\u00e3o de migrar da falida Unimed S\u00e3o Lu\u00eds para outros planos. Al\u00e9m disso, disse ainda, que convidar\u00e1 a pr\u00f3-Reitora para participar da pr\u00f3xima assembl\u00e9ia com o intuito de falar mais sobre o andamento desta e de outras demandas.<\/p>\n<p>&nbsp;<\/p>\n<p><em>Imprensa Sintema.<\/em><\/p>\n","protected":false},"excerpt":{"rendered":"<p>Os T\u00e9cnico-administrativos em Educa\u00e7\u00e3o da UFMA encaminharam diversas demandas em assembleia geral da Categoria realizada na tarde de ontem (29), no audit\u00f3rio Ribamar Carvalho. O ato, realizado em segunda convoca\u00e7\u00e3o foi presidido pelo presidente do Sintema, Mariano Azevedo, e secretariado por Miguel Barbosa, secretario adjunto da diretoria. Logo no in\u00edcio, nos informes, Mariano Azevedo que [&hellip;]<\/p>\n","protected":false},"author":2,"featured_media":0,"comment_status":"open","ping_status":"open","sticky":false,"template":"","format":"standard","meta":[],"categories":[12,5],"tags":[],"_links":{"self":[{"href":"http:\/\/sintema.org.br\/sintema\/wp-json\/wp\/v2\/posts\/4049"}],"collection":[{"href":"http:\/\/sintema.org.br\/sintema\/wp-json\/wp\/v2\/posts"}],"about":[{"href":"http:\/\/sintema.org.br\/sintema\/wp-json\/wp\/v2\/types\/post"}],"author":[{"embeddable":true,"href":"http:\/\/sintema.org.br\/sintema\/wp-json\/wp\/v2\/users\/2"}],"replies":[{"embeddable":true,"href":"http:\/\/sintema.org.br\/sintema\/wp-json\/wp\/v2\/comments?post=4049"}],"version-history":[{"count":7,"href":"http:\/\/sintema.org.br\/sintema\/wp-json\/wp\/v2\/posts\/4049\/revisions"}],"predecessor-version":[{"id":4107,"href":"http:\/\/sintema.org.br\/sintema\/wp-json\/wp\/v2\/posts\/4049\/revisions\/4107"}],"wp:attachment":[{"href":"http:\/\/sintema.org.br\/sintema\/wp-json\/wp\/v2\/media?parent=4049"}],"wp:term":[{"taxonomy":"category","embeddable":true,"href":"http:\/\/sintema.org.br\/sintema\/wp-json\/wp\/v2\/categories?post=4049"},{"taxonomy":"post_tag","embeddable":true,"href":"http:\/\/sintema.org.br\/sintema\/wp-json\/wp\/v2\/tags?post=4049"}],"curies":[{"name":"wp","href":"https:\/\/api.w.org\/{rel}","templated":true}]}}