{"id":4065,"date":"2013-09-05T19:40:08","date_gmt":"2013-09-05T19:40:08","guid":{"rendered":"http:\/\/sintema.org.br\/sintema\/?p=4065"},"modified":"2013-09-10T20:36:04","modified_gmt":"2013-09-10T20:36:04","slug":"associados-prestigiam-festa-de-24-anos-do-sintema","status":"publish","type":"post","link":"http:\/\/sintema.org.br\/sintema\/associados-prestigiam-festa-de-24-anos-do-sintema\/","title":{"rendered":"Associados prestigiam festa de 24 anos do Sintema"},"content":{"rendered":"<p>&nbsp;<\/p>\n<p>O Sindicato dos Trabalhadores em Educa\u00e7\u00e3o de 3\u00ba Grau no Estado do Maranh\u00e3o \u2013 Sintema &#8211; completou 24 anos de exist\u00eancia no dia 30 de agosto de 2013.<\/p>\n[caption id=\"attachment_4066\" align=\"alignnone\" width=\"430\"]<a href=\"http:\/\/sintema.org.br\/sintema\/wp-content\/uploads\/2013\/09\/publico3.jpg\"><img loading=\"lazy\" class=\" wp-image-4066  \" alt=\"publico3\" src=\"http:\/\/sintema.org.br\/sintema\/wp-content\/uploads\/2013\/09\/publico3.jpg\" width=\"430\" height=\"286\" srcset=\"http:\/\/sintema.org.br\/sintema\/wp-content\/uploads\/2013\/09\/publico3.jpg 614w, http:\/\/sintema.org.br\/sintema\/wp-content\/uploads\/2013\/09\/publico3-300x199.jpg 300w\" sizes=\"(max-width: 430px) 100vw, 430px\" \/><\/a> P\u00fablico presente na Festa de 24 anos do Sintema.[\/caption]\n<p>A gest\u00e3o \u201cUnidade &amp; Trabalho\u201d, realizou na ASSUMA, dia 31 de agosto, uma grande festa para comemorar a data.<\/p>\n<p>Os associados e amigos da entidade compareceram em grande n\u00famero acompanhados de familiares, que deram o tom festivo \u00e0 data. M\u00fasica ao vivo com o grupo Kiko Sanchow, bebidas a pre\u00e7os populares e uma saborosa feijoada servida gratuitamente, foram alguns dos ingredientes que agitaram a festa.<\/p>\n[caption id=\"attachment_4067\" align=\"alignnone\" width=\"430\"]<a href=\"http:\/\/sintema.org.br\/sintema\/wp-content\/uploads\/2013\/09\/kikosanchow.jpg\"><img loading=\"lazy\" class=\" wp-image-4067 \" alt=\"kikosanchow\" src=\"http:\/\/sintema.org.br\/sintema\/wp-content\/uploads\/2013\/09\/kikosanchow.jpg\" width=\"430\" height=\"286\" srcset=\"http:\/\/sintema.org.br\/sintema\/wp-content\/uploads\/2013\/09\/kikosanchow.jpg 614w, http:\/\/sintema.org.br\/sintema\/wp-content\/uploads\/2013\/09\/kikosanchow-300x199.jpg 300w\" sizes=\"(max-width: 430px) 100vw, 430px\" \/><\/a> Grupo musical Kikosanchow animou a Festa.[\/caption]\n[caption id=\"attachment_4068\" align=\"alignnone\" width=\"430\"]<a href=\"http:\/\/sintema.org.br\/sintema\/wp-content\/uploads\/2013\/09\/publico1.jpg\"><img loading=\"lazy\" class=\" wp-image-4068 \" alt=\"publico1\" src=\"http:\/\/sintema.org.br\/sintema\/wp-content\/uploads\/2013\/09\/publico1.jpg\" width=\"430\" height=\"286\" srcset=\"http:\/\/sintema.org.br\/sintema\/wp-content\/uploads\/2013\/09\/publico1.jpg 614w, http:\/\/sintema.org.br\/sintema\/wp-content\/uploads\/2013\/09\/publico1-300x199.jpg 300w\" sizes=\"(max-width: 430px) 100vw, 430px\" \/><\/a> Associados presentes ao lado de suas fam\u00edlias.[\/caption]\n<p>&nbsp;<\/p>\n[caption id=\"attachment_4069\" align=\"alignnone\" width=\"430\"]<a href=\"http:\/\/sintema.org.br\/sintema\/wp-content\/uploads\/2013\/09\/feijoada.jpg\"><img loading=\"lazy\" class=\" wp-image-4069 \" alt=\"feijoada\" src=\"http:\/\/sintema.org.br\/sintema\/wp-content\/uploads\/2013\/09\/feijoada.jpg\" width=\"430\" height=\"286\" srcset=\"http:\/\/sintema.org.br\/sintema\/wp-content\/uploads\/2013\/09\/feijoada.jpg 614w, http:\/\/sintema.org.br\/sintema\/wp-content\/uploads\/2013\/09\/feijoada-300x199.jpg 300w\" sizes=\"(max-width: 430px) 100vw, 430px\" \/><\/a> Feijoada servida gratuitamente aos Associados.[\/caption]\n<p>&nbsp;<\/p>\n<p>Durante a festa foram sorteadas trinta camisas comemorativas aos 24 anos de exist\u00eancia do Sintema. Ao receberem, os associados fizeram quest\u00e3o de vestir e enfatizar a import\u00e2ncia da Entidade que os representa.<\/p>\n[caption id=\"attachment_4070\" align=\"alignnone\" width=\"430\"]<a href=\"http:\/\/sintema.org.br\/sintema\/wp-content\/uploads\/2013\/09\/camisa1.jpg\"><img loading=\"lazy\" class=\" wp-image-4070 \" alt=\"camisa1\" src=\"http:\/\/sintema.org.br\/sintema\/wp-content\/uploads\/2013\/09\/camisa1.jpg\" width=\"430\" height=\"286\" srcset=\"http:\/\/sintema.org.br\/sintema\/wp-content\/uploads\/2013\/09\/camisa1.jpg 614w, http:\/\/sintema.org.br\/sintema\/wp-content\/uploads\/2013\/09\/camisa1-300x199.jpg 300w\" sizes=\"(max-width: 430px) 100vw, 430px\" \/><\/a> Associadas recebem camisa comemorativa das m\u00e3os da diretora sindical, Maria Clara. Ao fundo, colaborador Jorge Prado.[\/caption]\n<p>&nbsp;<\/p>\n[caption id=\"attachment_4076\" align=\"alignnone\" width=\"430\"]<a href=\"http:\/\/sintema.org.br\/sintema\/wp-content\/uploads\/2013\/09\/camisa.jpg\"><img loading=\"lazy\" class=\" wp-image-4076 \" alt=\"camisa\" src=\"http:\/\/sintema.org.br\/sintema\/wp-content\/uploads\/2013\/09\/camisa.jpg\" width=\"430\" height=\"286\" srcset=\"http:\/\/sintema.org.br\/sintema\/wp-content\/uploads\/2013\/09\/camisa.jpg 614w, http:\/\/sintema.org.br\/sintema\/wp-content\/uploads\/2013\/09\/camisa-300x199.jpg 300w\" sizes=\"(max-width: 430px) 100vw, 430px\" \/><\/a> Associado mostra camisa camiseta comemorativa.[\/caption]\n<p>&nbsp;<\/p>\n<p>&nbsp;<\/p>\n<p>O magn\u00edfico reitor, Natalino Salgado Filho, participou do evento destacando a import\u00e2ncia da exist\u00eancia do Sintema para a constru\u00e7\u00e3o da UFMA e, para os avan\u00e7os que sociais e trabalhistas que os T\u00e9cnico-administrativos da universidade obtiveram ao longo dos anos de luta da Entidade classista.<\/p>\n[caption id=\"attachment_4071\" align=\"alignnone\" width=\"430\"]<a href=\"http:\/\/sintema.org.br\/sintema\/wp-content\/uploads\/2013\/09\/reitor.jpg\"><img loading=\"lazy\" class=\" wp-image-4071  \" alt=\"reitor\" src=\"http:\/\/sintema.org.br\/sintema\/wp-content\/uploads\/2013\/09\/reitor.jpg\" width=\"430\" height=\"286\" srcset=\"http:\/\/sintema.org.br\/sintema\/wp-content\/uploads\/2013\/09\/reitor.jpg 614w, http:\/\/sintema.org.br\/sintema\/wp-content\/uploads\/2013\/09\/reitor-300x199.jpg 300w\" sizes=\"(max-width: 430px) 100vw, 430px\" \/><\/a> Magn\u00edfico reitor da Ufma e associado, Natalino Salgado Filho, que aparece vestido com a camisa do Flamengo, presente na Festa do Sintema.[\/caption]\n[caption id=\"attachment_4072\" align=\"alignnone\" width=\"408\"]<a href=\"http:\/\/sintema.org.br\/sintema\/wp-content\/uploads\/2013\/09\/marianoato.jpg\"><img loading=\"lazy\" class=\"size-full wp-image-4072\" alt=\"marianoato\" src=\"http:\/\/sintema.org.br\/sintema\/wp-content\/uploads\/2013\/09\/marianoato.jpg\" width=\"408\" height=\"614\" srcset=\"http:\/\/sintema.org.br\/sintema\/wp-content\/uploads\/2013\/09\/marianoato.jpg 408w, http:\/\/sintema.org.br\/sintema\/wp-content\/uploads\/2013\/09\/marianoato-199x300.jpg 199w\" sizes=\"(max-width: 408px) 100vw, 408px\" \/><\/a> Mariano Azevedo, presidente do Sintema, durante o Ato realizado durante a Festa.[\/caption]\n<p>&nbsp;<\/p>\n<p>Um r\u00e1pido Ato pol\u00edtico foi realizado com a presen\u00e7a do presidente da Associa\u00e7\u00e3o dos Servidores da Ufma &#8211; ASSUMA, Silva Gonsioroski, da diretora de aposentados do Sintema e presidente da Associa\u00e7\u00e3o dos Amigos da Ufma &#8211; AAUFMA, Gra\u00e7a Ferro, e de todos os diretores do Sindicato. Nas fala\u00e7\u00f5es, todos destacaram a import\u00e2ncia dos 24 anos de lutas e gl\u00f3rias do Sintema, enfatizaram tamb\u00e9m os avan\u00e7os que o sindicato vem passando nos \u00faltimos anos, como o atendimento administrativo e jur\u00eddico aos associados e os canais de informa\u00e7\u00e3o e comunica\u00e7\u00e3o criados para estreitar a rela\u00e7\u00e3o sindicato x s\u00f3cio, e por fim, a contagem regressiva j\u00e1 iniciada para a grande data que ser\u00e1 a festa de 25 anos do Sintema.<\/p>\n[caption id=\"attachment_4073\" align=\"alignnone\" width=\"430\"]<a href=\"http:\/\/sintema.org.br\/sintema\/wp-content\/uploads\/2013\/09\/manoelato.jpg\"><img loading=\"lazy\" class=\" wp-image-4073 \" alt=\"manoelato\" src=\"http:\/\/sintema.org.br\/sintema\/wp-content\/uploads\/2013\/09\/manoelato.jpg\" width=\"430\" height=\"286\" srcset=\"http:\/\/sintema.org.br\/sintema\/wp-content\/uploads\/2013\/09\/manoelato.jpg 614w, http:\/\/sintema.org.br\/sintema\/wp-content\/uploads\/2013\/09\/manoelato-300x199.jpg 300w\" sizes=\"(max-width: 430px) 100vw, 430px\" \/><\/a> Conselheiro fiscal, Manoel Barros, homenageia o Sintema durante o Ato.[\/caption]\n<p>&nbsp;<\/p>\n[caption id=\"attachment_4074\" align=\"alignnone\" width=\"355\"]<a href=\"http:\/\/sintema.org.br\/sintema\/wp-content\/uploads\/2013\/09\/gra\u00e7aato.jpg\"><img loading=\"lazy\" class=\"size-full wp-image-4074\" alt=\"gra\u00e7aato\" src=\"http:\/\/sintema.org.br\/sintema\/wp-content\/uploads\/2013\/09\/gra\u00e7aato.jpg\" width=\"355\" height=\"388\" srcset=\"http:\/\/sintema.org.br\/sintema\/wp-content\/uploads\/2013\/09\/gra\u00e7aato.jpg 355w, http:\/\/sintema.org.br\/sintema\/wp-content\/uploads\/2013\/09\/gra\u00e7aato-274x300.jpg 274w\" sizes=\"(max-width: 355px) 100vw, 355px\" \/><\/a> Diretora do Sintema e presidente da AAUFMA, Gra\u00e7a Ferro, fala durante o Ato.[\/caption]\n<p>&nbsp;<\/p>\n[caption id=\"attachment_4075\" align=\"alignnone\" width=\"430\"]<a href=\"http:\/\/sintema.org.br\/sintema\/wp-content\/uploads\/2013\/09\/silvaato.jpg\"><img loading=\"lazy\" class=\" wp-image-4075 \" alt=\"silvaato\" src=\"http:\/\/sintema.org.br\/sintema\/wp-content\/uploads\/2013\/09\/silvaato.jpg\" width=\"430\" height=\"286\" srcset=\"http:\/\/sintema.org.br\/sintema\/wp-content\/uploads\/2013\/09\/silvaato.jpg 614w, http:\/\/sintema.org.br\/sintema\/wp-content\/uploads\/2013\/09\/silvaato-300x199.jpg 300w\" sizes=\"(max-width: 430px) 100vw, 430px\" \/><\/a> Presidente da ASSUMA, ressalta a uni\u00e3o das tr\u00eas Entidades representativas dos servidores da UFMA.[\/caption]\n<p>&nbsp;<\/p>\n<p>Fonte: Imprensa Sintema.<\/p>\n","protected":false},"excerpt":{"rendered":"<p>&nbsp; O Sindicato dos Trabalhadores em Educa\u00e7\u00e3o de 3\u00ba Grau no Estado do Maranh\u00e3o \u2013 Sintema &#8211; completou 24 anos de exist\u00eancia no dia 30 de agosto de 2013. A gest\u00e3o \u201cUnidade &amp; Trabalho\u201d, realizou na ASSUMA, dia 31 de agosto, uma grande festa para comemorar a data. Os associados e amigos da entidade compareceram [&hellip;]<\/p>\n","protected":false},"author":2,"featured_media":0,"comment_status":"open","ping_status":"open","sticky":false,"template":"","format":"standard","meta":[],"categories":[5],"tags":[],"_links":{"self":[{"href":"http:\/\/sintema.org.br\/sintema\/wp-json\/wp\/v2\/posts\/4065"}],"collection":[{"href":"http:\/\/sintema.org.br\/sintema\/wp-json\/wp\/v2\/posts"}],"about":[{"href":"http:\/\/sintema.org.br\/sintema\/wp-json\/wp\/v2\/types\/post"}],"author":[{"embeddable":true,"href":"http:\/\/sintema.org.br\/sintema\/wp-json\/wp\/v2\/users\/2"}],"replies":[{"embeddable":true,"href":"http:\/\/sintema.org.br\/sintema\/wp-json\/wp\/v2\/comments?post=4065"}],"version-history":[{"count":5,"href":"http:\/\/sintema.org.br\/sintema\/wp-json\/wp\/v2\/posts\/4065\/revisions"}],"predecessor-version":[{"id":4078,"href":"http:\/\/sintema.org.br\/sintema\/wp-json\/wp\/v2\/posts\/4065\/revisions\/4078"}],"wp:attachment":[{"href":"http:\/\/sintema.org.br\/sintema\/wp-json\/wp\/v2\/media?parent=4065"}],"wp:term":[{"taxonomy":"category","embeddable":true,"href":"http:\/\/sintema.org.br\/sintema\/wp-json\/wp\/v2\/categories?post=4065"},{"taxonomy":"post_tag","embeddable":true,"href":"http:\/\/sintema.org.br\/sintema\/wp-json\/wp\/v2\/tags?post=4065"}],"curies":[{"name":"wp","href":"https:\/\/api.w.org\/{rel}","templated":true}]}}