{"id":4082,"date":"2013-09-10T12:00:41","date_gmt":"2013-09-10T12:00:41","guid":{"rendered":"http:\/\/sintema.org.br\/sintema\/?p=4082"},"modified":"2013-09-10T12:00:41","modified_gmt":"2013-09-10T12:00:41","slug":"auditorio-dois-candangos-sediara-plenaria-da-fasubra-sindical-em-13-e-149","status":"publish","type":"post","link":"http:\/\/sintema.org.br\/sintema\/auditorio-dois-candangos-sediara-plenaria-da-fasubra-sindical-em-13-e-149\/","title":{"rendered":"AUDIT\u00d3RIO DOIS CANDANGOS SEDIAR\u00c1 PLEN\u00c1RIA DA FASUBRA SINDICAL EM 13 E 14\/9"},"content":{"rendered":"<p>Reafirmando a tradi\u00e7\u00e3o da FASUBRA Sindical, o Audit\u00f3rio Dois Candangos, localizado na Universidade de Bras\u00edlia, sediar\u00e1 nos pr\u00f3ximos dias 13 e 14, a Plen\u00e1ria Nacional da federa\u00e7\u00e3o.<\/p>\n<p><a href=\"http:\/\/sintema.org.br\/sintema\/wp-content\/uploads\/2013\/09\/PLENARIADESETEMBRO20131.jpg\"><img loading=\"lazy\" class=\"alignnone  wp-image-4083\" alt=\"PLENARIADESETEMBRO20131\" src=\"http:\/\/sintema.org.br\/sintema\/wp-content\/uploads\/2013\/09\/PLENARIADESETEMBRO20131.jpg\" width=\"480\" height=\"319\" srcset=\"http:\/\/sintema.org.br\/sintema\/wp-content\/uploads\/2013\/09\/PLENARIADESETEMBRO20131.jpg 800w, http:\/\/sintema.org.br\/sintema\/wp-content\/uploads\/2013\/09\/PLENARIADESETEMBRO20131-300x199.jpg 300w\" sizes=\"(max-width: 480px) 100vw, 480px\" \/><\/a><\/p>\n<div><\/div>\n<div>O evento reunir\u00e1 na capital federal, os delegados eleitos nas assembl\u00e9ias realizadas pelas entidades sindicais filiadas \u00e0 Federa\u00e7\u00e3o, conforme estabelece o Estatuto da FASUBRA.<\/div>\n<div>A pauta da Plen\u00e1ria \u00e9 a seguinte:<\/div>\n<ul>\n<li>Painel da CONTUA (panorama das universidades na Am\u00e9rica Latina)<\/li>\n<li>Debate &#8211; Turnos Cont\u00ednuos e redu\u00e7\u00e3o da jornada de trabalho.<\/li>\n<li>Informes (Dire\u00e7\u00e3o e Base)<\/li>\n<li>Conjuntura (Balan\u00e7o da jornada de agosto)<\/li>\n<li>Avalia\u00e7\u00e3o de indicativo de greve<\/li>\n<li>Encaminhamentos.<\/li>\n<\/ul>\n<p>&nbsp;<\/p>\n<p>ASSEMBLEIA GERAL DO SINTEMA<\/p>\n<p>&nbsp;<\/p>\n<p>Os T\u00e9cnico-administrativos em Educa\u00e7\u00e3o da UFMA encaminharam diversas demandas em assembleia geral da Categoria realizada na tarde do dia 29 de agosto, no audit\u00f3rio Ribamar Carvalho. O ato, realizado em segunda convoca\u00e7\u00e3o foi presidido pelo presidente do Sintema, Mariano Azevedo, e secretariado por Miguel Barbosa, secretario adjunto da diretoria.<\/p>\n<p>Na oportunidade, foram eleitos os Delegados \u00e0 Plen\u00e1ria da Fasubra dos dias 13 e 14 de setembro. Por 24 votos a 9, a chapa 1 foi a escolhida e elegeu dois delegados e, a chapa 2 elegeu apenas um delegado. Ademar Sena de Carvalho, diretor de\u00a0<a id=\"_GPLITA_0\" title=\"Click to Continue &gt; by Text-Enhance\" href=\"http:\/\/sintema.org.br\/sintema\/?p=4049#\">finan\u00e7as<\/a>\u00a0do Sintema, foi indicado da Dire\u00e7\u00e3o e aclamado pela\u00a0assembl\u00e9ia geral.<\/p>\n<p>&nbsp;<\/p>\n<p>Com informa\u00e7\u00f5es do www.fasubra.org.br<\/p>\n","protected":false},"excerpt":{"rendered":"<p>Reafirmando a tradi\u00e7\u00e3o da FASUBRA Sindical, o Audit\u00f3rio Dois Candangos, localizado na Universidade de Bras\u00edlia, sediar\u00e1 nos pr\u00f3ximos dias 13 e 14, a Plen\u00e1ria Nacional da federa\u00e7\u00e3o. O evento reunir\u00e1 na capital federal, os delegados eleitos nas assembl\u00e9ias realizadas pelas entidades sindicais filiadas \u00e0 Federa\u00e7\u00e3o, conforme estabelece o Estatuto da FASUBRA. A pauta da Plen\u00e1ria [&hellip;]<\/p>\n","protected":false},"author":2,"featured_media":0,"comment_status":"open","ping_status":"open","sticky":false,"template":"","format":"standard","meta":[],"categories":[5,18],"tags":[],"_links":{"self":[{"href":"http:\/\/sintema.org.br\/sintema\/wp-json\/wp\/v2\/posts\/4082"}],"collection":[{"href":"http:\/\/sintema.org.br\/sintema\/wp-json\/wp\/v2\/posts"}],"about":[{"href":"http:\/\/sintema.org.br\/sintema\/wp-json\/wp\/v2\/types\/post"}],"author":[{"embeddable":true,"href":"http:\/\/sintema.org.br\/sintema\/wp-json\/wp\/v2\/users\/2"}],"replies":[{"embeddable":true,"href":"http:\/\/sintema.org.br\/sintema\/wp-json\/wp\/v2\/comments?post=4082"}],"version-history":[{"count":2,"href":"http:\/\/sintema.org.br\/sintema\/wp-json\/wp\/v2\/posts\/4082\/revisions"}],"predecessor-version":[{"id":4085,"href":"http:\/\/sintema.org.br\/sintema\/wp-json\/wp\/v2\/posts\/4082\/revisions\/4085"}],"wp:attachment":[{"href":"http:\/\/sintema.org.br\/sintema\/wp-json\/wp\/v2\/media?parent=4082"}],"wp:term":[{"taxonomy":"category","embeddable":true,"href":"http:\/\/sintema.org.br\/sintema\/wp-json\/wp\/v2\/categories?post=4082"},{"taxonomy":"post_tag","embeddable":true,"href":"http:\/\/sintema.org.br\/sintema\/wp-json\/wp\/v2\/tags?post=4082"}],"curies":[{"name":"wp","href":"https:\/\/api.w.org\/{rel}","templated":true}]}}