{"id":4086,"date":"2013-09-10T19:39:47","date_gmt":"2013-09-10T19:39:47","guid":{"rendered":"http:\/\/sintema.org.br\/sintema\/?p=4086"},"modified":"2013-09-10T19:46:17","modified_gmt":"2013-09-10T19:46:17","slug":"comunicado-acao-de-residuos-do-puccre","status":"publish","type":"post","link":"http:\/\/sintema.org.br\/sintema\/comunicado-acao-de-residuos-do-puccre\/","title":{"rendered":"Comunicado: A\u00e7\u00e3o de res\u00edduos do PUCCRE"},"content":{"rendered":"<p>&nbsp;<\/p>\n<p><a href=\"http:\/\/sintema.org.br\/sintema\/wp-content\/uploads\/2013\/09\/a7fc3f3207480b44e072d780e358897f_original_comunicado.jpg\"><img loading=\"lazy\" class=\"alignnone  wp-image-4087\" alt=\"a7fc3f3207480b44e072d780e358897f_original_comunicado\" src=\"http:\/\/sintema.org.br\/sintema\/wp-content\/uploads\/2013\/09\/a7fc3f3207480b44e072d780e358897f_original_comunicado-1024x1024.jpg\" width=\"384\" height=\"384\" \/><\/a><\/p>\n<p>A diretoria do Sintema comunica aos associados que ainda n\u00e3o assinaram as documenta\u00e7\u00f5es para a execu\u00e7\u00e3o judicial dos res\u00edduos do PUCCRE, que devem faz\u00ea-lo o quanto antes.<\/p>\n<p>Desde outubro de 2012 a assessoria jur\u00eddica do Sintema vem protocolando as A\u00e7\u00f5es na justi\u00e7a, entretanto, v\u00e1rios associados mesmo informados atrav\u00e9s de telefonemas, informativos, comunicados atrav\u00e9s dos canais de comunica\u00e7\u00e3o do Sindicato, ainda n\u00e3o visitaram a Sede do Sintema para resolver a pend\u00eancia e dar seguimento ao recebimento dos valores devidos.<\/p>\n<p>Segundo a Dire\u00e7\u00e3o do Sintema, faltam assinar a procura\u00e7\u00e3o ad judicia e o contrato de honor\u00e1rios com o advogado cerca de 96 associados.\u00a0Somente ap\u00f3s a assinatura de tais documentos \u00e9 que as execu\u00e7\u00f5es poder\u00e3o ser impetradas na Justi\u00e7a. Os associados devem comparecer \u00e0 Sede, munidos de RG e CPF.<\/p>\n<p>Das execu\u00e7\u00f5es protocoladas at\u00e9 outubro de 2012, muitos associados j\u00e1 receberam os valores devidos.<\/p>\n<p>&nbsp;<\/p>\n<p><strong>ENTENDA A A\u00c7\u00c3O DO PUCCRE<\/strong><\/p>\n<p>&nbsp;<\/p>\n<p>O processo que tramita na 1\u00aa Vara do Trabalho \u00e9 referente a uma A\u00e7\u00e3o de corre\u00e7\u00e3o monet\u00e1ria ajuizada em abril de 1987 pelo Sintema em favor de mais de 1100 associados, decorrente de reajuste do antigo PUCCRE. \u00c0 \u00e9poca, a Ufma e v\u00e1rias outras IFES passaram cerca de quatro meses para implantar o plano de cargos, o que originou a cobran\u00e7a.<\/p>\n<p>Houve certa demora no protocolamento dos pedidos, em virtude de v\u00e1rios substitu\u00eddos na A\u00e7\u00e3o j\u00e1 terem falecido, e por isso, o Sintema precisou encontrar os herdeiros com as devidas documenta\u00e7\u00f5es para dar seguimento ao processo. Segundo o advogado, em 23 de outubro de 2012, todas as peti\u00e7\u00f5es de cumprimento de senten\u00e7a foram protocoladas na Justi\u00e7a para os associados que assinaram os documentos devidos.<\/p>\n<p>Os pedidos de expedi\u00e7\u00e3o dos RPV\u00b4s \u2013 Requisi\u00e7\u00f5es de Pequeno Valor, foram devidamente feitas pelos advogados nas peti\u00e7\u00f5es. O\u00a0prazo para pagamento dos valores atrav\u00e9s de RPV \u00e9 de 90 dias.<\/p>\n<p>&nbsp;<\/p>\n<p>Imprensa Sintema.<\/p>\n","protected":false},"excerpt":{"rendered":"<p>&nbsp; A diretoria do Sintema comunica aos associados que ainda n\u00e3o assinaram as documenta\u00e7\u00f5es para a execu\u00e7\u00e3o judicial dos res\u00edduos do PUCCRE, que devem faz\u00ea-lo o quanto antes. Desde outubro de 2012 a assessoria jur\u00eddica do Sintema vem protocolando as A\u00e7\u00f5es na justi\u00e7a, entretanto, v\u00e1rios associados mesmo informados atrav\u00e9s de telefonemas, informativos, comunicados atrav\u00e9s dos [&hellip;]<\/p>\n","protected":false},"author":2,"featured_media":0,"comment_status":"open","ping_status":"open","sticky":false,"template":"","format":"standard","meta":[],"categories":[5],"tags":[],"_links":{"self":[{"href":"http:\/\/sintema.org.br\/sintema\/wp-json\/wp\/v2\/posts\/4086"}],"collection":[{"href":"http:\/\/sintema.org.br\/sintema\/wp-json\/wp\/v2\/posts"}],"about":[{"href":"http:\/\/sintema.org.br\/sintema\/wp-json\/wp\/v2\/types\/post"}],"author":[{"embeddable":true,"href":"http:\/\/sintema.org.br\/sintema\/wp-json\/wp\/v2\/users\/2"}],"replies":[{"embeddable":true,"href":"http:\/\/sintema.org.br\/sintema\/wp-json\/wp\/v2\/comments?post=4086"}],"version-history":[{"count":5,"href":"http:\/\/sintema.org.br\/sintema\/wp-json\/wp\/v2\/posts\/4086\/revisions"}],"predecessor-version":[{"id":4089,"href":"http:\/\/sintema.org.br\/sintema\/wp-json\/wp\/v2\/posts\/4086\/revisions\/4089"}],"wp:attachment":[{"href":"http:\/\/sintema.org.br\/sintema\/wp-json\/wp\/v2\/media?parent=4086"}],"wp:term":[{"taxonomy":"category","embeddable":true,"href":"http:\/\/sintema.org.br\/sintema\/wp-json\/wp\/v2\/categories?post=4086"},{"taxonomy":"post_tag","embeddable":true,"href":"http:\/\/sintema.org.br\/sintema\/wp-json\/wp\/v2\/tags?post=4086"}],"curies":[{"name":"wp","href":"https:\/\/api.w.org\/{rel}","templated":true}]}}