{"id":5587,"date":"2015-01-25T01:25:47","date_gmt":"2015-01-25T01:25:47","guid":{"rendered":"http:\/\/sintema.org.br\/sintema\/?p=5587"},"modified":"2015-01-25T01:25:47","modified_gmt":"2015-01-25T01:25:47","slug":"24-de-janeiro-dia-do-aposentado","status":"publish","type":"post","link":"http:\/\/sintema.org.br\/sintema\/24-de-janeiro-dia-do-aposentado\/","title":{"rendered":"24 de Janeiro: Dia do Aposentado"},"content":{"rendered":"<p><a href=\"http:\/\/sintema.org.br\/sintema\/wp-content\/uploads\/2015\/01\/040111g.jpg\"><img loading=\"lazy\" class=\"alignnone size-full wp-image-5588\" alt=\"040111g\" src=\"http:\/\/sintema.org.br\/sintema\/wp-content\/uploads\/2015\/01\/040111g.jpg\" width=\"330\" height=\"220\" srcset=\"http:\/\/sintema.org.br\/sintema\/wp-content\/uploads\/2015\/01\/040111g.jpg 330w, http:\/\/sintema.org.br\/sintema\/wp-content\/uploads\/2015\/01\/040111g-300x200.jpg 300w\" sizes=\"(max-width: 330px) 100vw, 330px\" \/><\/a><\/p>\n<p>&nbsp;<\/p>\n<p>\u00c9 muito justo homenagear quem durante muito tempo lutou por si e pelos outros, produzindo e consumindo, participando ativamente da vida econ\u00f4mica e social do pa\u00eds.<\/p>\n<p>&nbsp;<\/p>\n<p>\u00c9 muito justo comemorar porque ainda h\u00e1 for\u00e7a e alegria. For\u00e7a para provar que ainda h\u00e1 muita vida, for\u00e7a para lutar pela garantia das conquistas, e alegria para compartilhar com as novas gera\u00e7\u00f5es a experi\u00eancia e a mem\u00f3ria dos anos vividos.<\/p>\n<p>&nbsp;<\/p>\n<p>Aposentado \u00e9 quem merece olhar sossegado tudo o que ajudou a construir ao longo da vida \u2013 filhos, netos; casas, escolas; pra\u00e7as, parques; avenidas, igrejas; empresas, bancos, estradas. Sobretudo, homens e mulheres, uma na\u00e7\u00e3o.<\/p>\n<p>&nbsp;<\/p>\n<p>Neste dia muito especial, a Dire\u00e7\u00e3o do Sintema, gest\u00e3o Unidade &amp; Trabalho, sa\u00fada nossos queridos trabalhadores da educa\u00e7\u00e3o, professores\/as e servidores\/as da educa\u00e7\u00e3o, pelas conquistas e pela vida bem vivida.<\/p>\n<p>&nbsp;<\/p>\n<p>&#8220;APOSENTADOS SIM. INATIVOS PARA A LUTA, JAMAIS!&#8221;<\/p>\n<p>Texto: APEOC.<\/p>\n","protected":false},"excerpt":{"rendered":"<p>&nbsp; \u00c9 muito justo homenagear quem durante muito tempo lutou por si e pelos outros, produzindo e consumindo, participando ativamente da vida econ\u00f4mica e social do pa\u00eds. &nbsp; \u00c9 muito justo comemorar porque ainda h\u00e1 for\u00e7a e alegria. For\u00e7a para provar que ainda h\u00e1 muita vida, for\u00e7a para lutar pela garantia das conquistas, e alegria [&hellip;]<\/p>\n","protected":false},"author":2,"featured_media":0,"comment_status":"open","ping_status":"open","sticky":false,"template":"","format":"standard","meta":[],"categories":[5],"tags":[],"_links":{"self":[{"href":"http:\/\/sintema.org.br\/sintema\/wp-json\/wp\/v2\/posts\/5587"}],"collection":[{"href":"http:\/\/sintema.org.br\/sintema\/wp-json\/wp\/v2\/posts"}],"about":[{"href":"http:\/\/sintema.org.br\/sintema\/wp-json\/wp\/v2\/types\/post"}],"author":[{"embeddable":true,"href":"http:\/\/sintema.org.br\/sintema\/wp-json\/wp\/v2\/users\/2"}],"replies":[{"embeddable":true,"href":"http:\/\/sintema.org.br\/sintema\/wp-json\/wp\/v2\/comments?post=5587"}],"version-history":[{"count":1,"href":"http:\/\/sintema.org.br\/sintema\/wp-json\/wp\/v2\/posts\/5587\/revisions"}],"predecessor-version":[{"id":5589,"href":"http:\/\/sintema.org.br\/sintema\/wp-json\/wp\/v2\/posts\/5587\/revisions\/5589"}],"wp:attachment":[{"href":"http:\/\/sintema.org.br\/sintema\/wp-json\/wp\/v2\/media?parent=5587"}],"wp:term":[{"taxonomy":"category","embeddable":true,"href":"http:\/\/sintema.org.br\/sintema\/wp-json\/wp\/v2\/categories?post=5587"},{"taxonomy":"post_tag","embeddable":true,"href":"http:\/\/sintema.org.br\/sintema\/wp-json\/wp\/v2\/tags?post=5587"}],"curies":[{"name":"wp","href":"https:\/\/api.w.org\/{rel}","templated":true}]}}