{"id":5590,"date":"2015-01-26T19:51:43","date_gmt":"2015-01-26T19:51:43","guid":{"rendered":"http:\/\/sintema.org.br\/sintema\/?p=5590"},"modified":"2015-01-26T19:51:43","modified_gmt":"2015-01-26T19:51:43","slug":"luto","status":"publish","type":"post","link":"http:\/\/sintema.org.br\/sintema\/luto\/","title":{"rendered":"LUTO"},"content":{"rendered":"<p><a href=\"http:\/\/sintema.org.br\/sintema\/wp-content\/uploads\/2015\/01\/luto-la\u00e7o-5.jpg\"><img loading=\"lazy\" class=\"alignnone  wp-image-5591\" alt=\"luto-la\u00e7o-5\" src=\"http:\/\/sintema.org.br\/sintema\/wp-content\/uploads\/2015\/01\/luto-la\u00e7o-5.jpg\" width=\"355\" height=\"266\" srcset=\"http:\/\/sintema.org.br\/sintema\/wp-content\/uploads\/2015\/01\/luto-la\u00e7o-5.jpg 591w, http:\/\/sintema.org.br\/sintema\/wp-content\/uploads\/2015\/01\/luto-la\u00e7o-5-300x225.jpg 300w\" sizes=\"(max-width: 355px) 100vw, 355px\" \/><\/a><\/p>\n<p>A Dire\u00e7\u00e3o do Sintema manifesta seu pesar pelo falecimento do pai de Charles Brasil, Coordenador de Ra\u00e7a e Etnia da FASUBRA, ocorrido no dia de hoje, 22 de janeiro de 2015, debitando total solidariedade diante da dor que aflige o cora\u00e7\u00e3o do companheiro e de todos os seus familiares.<\/p>\n<p>Com informa\u00e7\u00f5es da Fasubra.<\/p>\n","protected":false},"excerpt":{"rendered":"<p>A Dire\u00e7\u00e3o do Sintema manifesta seu pesar pelo falecimento do pai de Charles Brasil, Coordenador de Ra\u00e7a e Etnia da FASUBRA, ocorrido no dia de hoje, 22 de janeiro de 2015, debitando total solidariedade diante da dor que aflige o cora\u00e7\u00e3o do companheiro e de todos os seus familiares. Com informa\u00e7\u00f5es da Fasubra.<\/p>\n","protected":false},"author":2,"featured_media":0,"comment_status":"open","ping_status":"open","sticky":false,"template":"","format":"standard","meta":[],"categories":[5,18],"tags":[],"_links":{"self":[{"href":"http:\/\/sintema.org.br\/sintema\/wp-json\/wp\/v2\/posts\/5590"}],"collection":[{"href":"http:\/\/sintema.org.br\/sintema\/wp-json\/wp\/v2\/posts"}],"about":[{"href":"http:\/\/sintema.org.br\/sintema\/wp-json\/wp\/v2\/types\/post"}],"author":[{"embeddable":true,"href":"http:\/\/sintema.org.br\/sintema\/wp-json\/wp\/v2\/users\/2"}],"replies":[{"embeddable":true,"href":"http:\/\/sintema.org.br\/sintema\/wp-json\/wp\/v2\/comments?post=5590"}],"version-history":[{"count":2,"href":"http:\/\/sintema.org.br\/sintema\/wp-json\/wp\/v2\/posts\/5590\/revisions"}],"predecessor-version":[{"id":5593,"href":"http:\/\/sintema.org.br\/sintema\/wp-json\/wp\/v2\/posts\/5590\/revisions\/5593"}],"wp:attachment":[{"href":"http:\/\/sintema.org.br\/sintema\/wp-json\/wp\/v2\/media?parent=5590"}],"wp:term":[{"taxonomy":"category","embeddable":true,"href":"http:\/\/sintema.org.br\/sintema\/wp-json\/wp\/v2\/categories?post=5590"},{"taxonomy":"post_tag","embeddable":true,"href":"http:\/\/sintema.org.br\/sintema\/wp-json\/wp\/v2\/tags?post=5590"}],"curies":[{"name":"wp","href":"https:\/\/api.w.org\/{rel}","templated":true}]}}