{"id":5594,"date":"2015-01-27T12:55:49","date_gmt":"2015-01-27T12:55:49","guid":{"rendered":"http:\/\/sintema.org.br\/sintema\/?p=5594"},"modified":"2015-01-27T12:55:49","modified_gmt":"2015-01-27T12:55:49","slug":"projeto-atividade-preparando-para-aposentadoria-e-desenvolvido-na-ufma","status":"publish","type":"post","link":"http:\/\/sintema.org.br\/sintema\/projeto-atividade-preparando-para-aposentadoria-e-desenvolvido-na-ufma\/","title":{"rendered":"Projeto Atividade: preparando para aposentadoria \u00e9 desenvolvido na UFMA"},"content":{"rendered":"<h4>O projeto tem como p\u00fablico-alvo servidores da UFMA em vias de aposentadoria, e oferece diversas orienta\u00e7\u00f5es sobre tem\u00e1ticas que contribuem para o planejamento do p\u00f3s-carreira com melhor qualidade de vida<\/h4>\n<p><a href=\"http:\/\/sintema.org.br\/sintema\/wp-content\/uploads\/2015\/01\/aposentadoria.jpg\"><img loading=\"lazy\" class=\"alignnone size-full wp-image-5595\" alt=\"aposentadoria\" src=\"http:\/\/sintema.org.br\/sintema\/wp-content\/uploads\/2015\/01\/aposentadoria.jpg\" width=\"378\" height=\"255\" srcset=\"http:\/\/sintema.org.br\/sintema\/wp-content\/uploads\/2015\/01\/aposentadoria.jpg 378w, http:\/\/sintema.org.br\/sintema\/wp-content\/uploads\/2015\/01\/aposentadoria-300x202.jpg 300w\" sizes=\"(max-width: 378px) 100vw, 378px\" \/><\/a><\/p>\n<p>S\u00c3O LU\u00cdS \u2013 Em 24 de janeiro, comemora-se o Dia Nacional do Aposentado. Visando oferecer diversas orienta\u00e7\u00f5es sobre tem\u00e1ticas que contribuem para o planejamento do p\u00f3s-carreira com melhor qualidade de vida aos servidores da Universidade Federal do Maranh\u00e3o, a Pr\u00f3-Reitoria de Recursos Humanos (PRH), atrav\u00e9s da Divis\u00e3o de Qualidade de Vida (DQV), desenvolve o Projeto Atividade: preparando para aposentadoria.<\/p>\n<p>De acordo com a coordenadora do Projeto Atividade e do Servi\u00e7o de Promo\u00e7\u00e3o \u00e0 Sa\u00fade e Qualidade de Vida, Karine Alves Pereira, \u201co objetivo \u00e9 levar orienta\u00e7\u00f5es e contribui\u00e7\u00f5es para os servidores da UFMA em vias de aposentadoria\u201d, como contou.<\/p>\n<p>A coordenadora ainda informou que, durante o desenvolvimento do projeto, ser\u00e3o abordadas as tem\u00e1ticas que envolvem o processo de aposentadoria, visando contribuir para melhor qualidade de vida e o planejamento do p\u00f3s-carreira.<\/p>\n<p>Este ano,<span style=\"color: #0000ff;\"><strong> o projeto ir\u00e1 abrir seus trabalhos no dia 7 de abril<\/strong><\/span>, com uma conversa com aposentados. As atividades ser\u00e3o desenvolvidas com duas turmas de pilates e visitas, seguidas do Programa de Prepara\u00e7\u00e3o para o Aposentado.<\/p>\n<p>O Projeto Atividade tem como p\u00fablico-alvo os servidores da UFMA em vias de aposentadoria, e \u00e9 realizado em parceria com a Divis\u00e3o de Capacita\u00e7\u00e3o da UFMA, que oferece, al\u00e9m de oficina de dan\u00e7a e express\u00e3o cultural, um curso com sete m\u00f3dulos de forma\u00e7\u00e3o.<\/p>\n<p>Os m\u00f3dulos que ser\u00e3o oferecidos durante este curso s\u00e3o: Aspetos psicossociais na aposentadoria, que vai tratar do desligamento do trabalho, significado da aposentadoria, mudan\u00e7as psicossociais com a aposentadoria, e constru\u00e7\u00e3o de um projeto de vida; Promo\u00e7\u00e3o \u00e0 sa\u00fade e bem estar f\u00edsico e mental; Sa\u00fade da voz; Alimenta\u00e7\u00e3o saud\u00e1vel; Sa\u00fade Bucal; Legisla\u00e7\u00f5es referentes \u00e0 aposentadoria, que tamb\u00e9m vai tratar de modalidades de aposentadoria, c\u00e1lculo de proventos, e documentos para instru\u00e7\u00e3o na UFMA; e Planejamento financeiro pessoal e familiar.<\/p>\n<p>As inscri\u00e7\u00f5es para participar do projeto devem ser feitas no <a href=\"http:\/\/www.ufma.br\/\">site da UFMA<\/a>, atrav\u00e9s do <a href=\"https:\/\/sigrh.ufma.br\/sigrh\/login.jsf\">SIGRH<\/a>, na aba Capacita\u00e7\u00e3o, e as aulas ser\u00e3o realizadas nas ter\u00e7as e quintas-feiras. Pode participar do projeto, qualquer servidor da UFMA em vias de aposentadoria, ou seja, a partir de 53 anos. No entanto, este n\u00e3o ser\u00e1 obrigado a se aposentar, porque ainda pode continuar a trabalhar at\u00e9 a idade que ele pretende se aposentar.<\/p>\n<p><strong>Saiba mais<\/strong><\/p>\n<p>O Dia Nacional do Aposentado foi criado a partir da Lei 6.926 de 1.981 de autoria do ex-deputado federal Benedito Marcilio, ex-presidente da Confedera\u00e7\u00e3o Brasileira de Aposentados, Pensionistas e Idosos (Cobap). A data foi escolhida para lembrar e comemorar o hist\u00f3rico dia que foi aprovado a Lei Eloy Chaves em 24 de janeiro de 1923, marco lend\u00e1rio da Previd\u00eancia Social no Brasil, criando a Caixa de Aposentadoria e Pens\u00e3o para os empregados das empresas privadas das estradas de ferro, dando origem \u00e0 Previd\u00eancia Social, que hoje paga benef\u00edcios a mais de 29 milh\u00f5es de pessoas.<\/p>\n<p>Fonte: UFMA.<\/p>\n","protected":false},"excerpt":{"rendered":"<p>O projeto tem como p\u00fablico-alvo servidores da UFMA em vias de aposentadoria, e oferece diversas orienta\u00e7\u00f5es sobre tem\u00e1ticas que contribuem para o planejamento do p\u00f3s-carreira com melhor qualidade de vida S\u00c3O LU\u00cdS \u2013 Em 24 de janeiro, comemora-se o Dia Nacional do Aposentado. Visando oferecer diversas orienta\u00e7\u00f5es sobre tem\u00e1ticas que contribuem para o planejamento do [&hellip;]<\/p>\n","protected":false},"author":2,"featured_media":0,"comment_status":"open","ping_status":"open","sticky":false,"template":"","format":"standard","meta":[],"categories":[5],"tags":[],"_links":{"self":[{"href":"http:\/\/sintema.org.br\/sintema\/wp-json\/wp\/v2\/posts\/5594"}],"collection":[{"href":"http:\/\/sintema.org.br\/sintema\/wp-json\/wp\/v2\/posts"}],"about":[{"href":"http:\/\/sintema.org.br\/sintema\/wp-json\/wp\/v2\/types\/post"}],"author":[{"embeddable":true,"href":"http:\/\/sintema.org.br\/sintema\/wp-json\/wp\/v2\/users\/2"}],"replies":[{"embeddable":true,"href":"http:\/\/sintema.org.br\/sintema\/wp-json\/wp\/v2\/comments?post=5594"}],"version-history":[{"count":1,"href":"http:\/\/sintema.org.br\/sintema\/wp-json\/wp\/v2\/posts\/5594\/revisions"}],"predecessor-version":[{"id":5596,"href":"http:\/\/sintema.org.br\/sintema\/wp-json\/wp\/v2\/posts\/5594\/revisions\/5596"}],"wp:attachment":[{"href":"http:\/\/sintema.org.br\/sintema\/wp-json\/wp\/v2\/media?parent=5594"}],"wp:term":[{"taxonomy":"category","embeddable":true,"href":"http:\/\/sintema.org.br\/sintema\/wp-json\/wp\/v2\/categories?post=5594"},{"taxonomy":"post_tag","embeddable":true,"href":"http:\/\/sintema.org.br\/sintema\/wp-json\/wp\/v2\/tags?post=5594"}],"curies":[{"name":"wp","href":"https:\/\/api.w.org\/{rel}","templated":true}]}}