{"id":5597,"date":"2015-01-27T23:13:23","date_gmt":"2015-01-27T23:13:23","guid":{"rendered":"http:\/\/sintema.org.br\/sintema\/?p=5597"},"modified":"2015-01-27T23:13:23","modified_gmt":"2015-01-27T23:13:23","slug":"sintema-convoca-a-categoria-para-dia-nacional-de-luta-dos-trabalhadores","status":"publish","type":"post","link":"http:\/\/sintema.org.br\/sintema\/sintema-convoca-a-categoria-para-dia-nacional-de-luta-dos-trabalhadores\/","title":{"rendered":"SINTEMA convoca a categoria para Dia Nacional de Luta dos Trabalhadores"},"content":{"rendered":"[caption id=\"attachment_5599\" align=\"alignnone\" width=\"406\"]<a href=\"http:\/\/sintema.org.br\/sintema\/wp-content\/uploads\/2015\/01\/publico.jpg\"><img loading=\"lazy\" class=\" wp-image-5599  \" alt=\"Mariano Azevedo observado pelos trabalhadores presentes repassa informes locais e nacionais de interesse da categoria.\" src=\"http:\/\/sintema.org.br\/sintema\/wp-content\/uploads\/2015\/01\/publico.jpg\" width=\"406\" height=\"271\" srcset=\"http:\/\/sintema.org.br\/sintema\/wp-content\/uploads\/2015\/01\/publico.jpg 677w, http:\/\/sintema.org.br\/sintema\/wp-content\/uploads\/2015\/01\/publico-300x199.jpg 300w\" sizes=\"(max-width: 406px) 100vw, 406px\" \/><\/a> Mariano Azevedo observado pelos trabalhadores presentes repassa informes locais e nacionais de interesse da categoria.[\/caption]\n<p>Em assembleia geral da categoria realizada nesta ter\u00e7a-feira (27), no audit\u00f3rio central da UFMA, os trabalhadores t\u00e9cnico-administrativos em educa\u00e7\u00e3o da Universidade Federal do Maranh\u00e3o foram convocados a participar da 1\u00aa grande mobiliza\u00e7\u00e3o de 2015 convocada pelas Centrais Sindicais em defesa dos direitos trabalhistas.<\/p>\n<p>Mariano Azevedo e Samuel Martins, diretores do Sintema, conduziram os trabalhos da assembleia que, al\u00e9m de convocar os trabalhadores para o protesto de amanh\u00e3, abriu espa\u00e7o para que os presentes pudessem tecer coment\u00e1rios e an\u00e1lises sobre a conjuntura pol\u00edtica internacional, nacional e local, com enf\u00e2se nas rela\u00e7\u00f5es entre capital versus trabalho. As medidas baixadas pela presidenta Dilma Roussef contra os direitos tralbahistas foram postas \u00e0 an\u00e1lise uma a uma.<\/p>\n[caption id=\"attachment_5600\" align=\"alignnone\" width=\"406\"]<a href=\"http:\/\/sintema.org.br\/sintema\/wp-content\/uploads\/2015\/01\/rui.jpg\"><img loading=\"lazy\" class=\" wp-image-5600  \" alt=\"Ruy Silva, ex-presidente do Sintema, lembrou que desde o primeiro mandato do presidente Lula os trabalhadores sempre precisaram estar nas ruas para obter ganhos e conquistas. Para ele, nesse governo n\u00e3o ser\u00e1 diferente.\" src=\"http:\/\/sintema.org.br\/sintema\/wp-content\/uploads\/2015\/01\/rui.jpg\" width=\"406\" height=\"271\" srcset=\"http:\/\/sintema.org.br\/sintema\/wp-content\/uploads\/2015\/01\/rui.jpg 677w, http:\/\/sintema.org.br\/sintema\/wp-content\/uploads\/2015\/01\/rui-300x199.jpg 300w\" sizes=\"(max-width: 406px) 100vw, 406px\" \/><\/a> Ruy Silva, ex-presidente do Sintema, lembrou que desde o primeiro mandato do presidente Lula os trabalhadores sempre precisaram estar nas ruas para obter ganhos e conquistas. Para ele, nesse governo n\u00e3o ser\u00e1 diferente.[\/caption]\n[caption id=\"attachment_5601\" align=\"alignnone\" width=\"406\"]<a href=\"http:\/\/sintema.org.br\/sintema\/wp-content\/uploads\/2015\/01\/claudiobezerra.jpg\"><img loading=\"lazy\" class=\" wp-image-5601 \" alt=\"Cla\u00fadio Bezerra, trabalhador da base e dirigente da CTB Maranh\u00e3o, ressaltou a import\u00e2ncia do engajamento da categoria desde essa primeira mobiliza\u00e7\u00e3o.\" src=\"http:\/\/sintema.org.br\/sintema\/wp-content\/uploads\/2015\/01\/claudiobezerra.jpg\" width=\"406\" height=\"271\" srcset=\"http:\/\/sintema.org.br\/sintema\/wp-content\/uploads\/2015\/01\/claudiobezerra.jpg 677w, http:\/\/sintema.org.br\/sintema\/wp-content\/uploads\/2015\/01\/claudiobezerra-300x199.jpg 300w\" sizes=\"(max-width: 406px) 100vw, 406px\" \/><\/a> Cla\u00fadio Bezerra, trabalhador da base e dirigente da CTB Maranh\u00e3o, ressaltou a import\u00e2ncia do engajamento da categoria desde essa primeira mobiliza\u00e7\u00e3o.[\/caption]\n<p>&nbsp;<\/p>\n<p>Apesar da pequena quantidade de trabalhadores presentes, muitos destes utilizaram o microfone para fortalecer a iniciativa das Centrais e dos Sindicatos organizadores do movimento, dentre eles, o SINTEMA.<\/p>\n[caption id=\"attachment_5602\" align=\"alignnone\" width=\"406\"]<a href=\"http:\/\/sintema.org.br\/sintema\/wp-content\/uploads\/2015\/01\/edilsonlazaro.jpg\"><img loading=\"lazy\" class=\" wp-image-5602 \" alt=\"Edilson L\u00e1zaro, associado da base tamb\u00e9m refor\u00e7ou a import\u00e2ncia da participa\u00e7\u00e3o e lamentou a aus\u00eancia de diversos colegas de trabalho neste importante momento de luta.\" src=\"http:\/\/sintema.org.br\/sintema\/wp-content\/uploads\/2015\/01\/edilsonlazaro.jpg\" width=\"406\" height=\"271\" srcset=\"http:\/\/sintema.org.br\/sintema\/wp-content\/uploads\/2015\/01\/edilsonlazaro.jpg 677w, http:\/\/sintema.org.br\/sintema\/wp-content\/uploads\/2015\/01\/edilsonlazaro-300x199.jpg 300w\" sizes=\"(max-width: 406px) 100vw, 406px\" \/><\/a> Edilson L\u00e1zaro, associado da base tamb\u00e9m refor\u00e7ou a import\u00e2ncia da participa\u00e7\u00e3o e lamentou a aus\u00eancia de diversos colegas de trabalho neste importante momento de luta.[\/caption]\n<p>Para o presidente do Sindicato, Mariano Azevedo, \u00e9 importante que os trabalhadores compare\u00e7am a todos os movimentos unificados da luta trabalhista visto que 2015 promete ser um ano muito dif\u00edcil e, caso n\u00e3o haja a mobiliza\u00e7\u00e3o devida, ao inv\u00e9s de virem conquistas, os trabalhadores amargar\u00e3o diversas retiradas de direitos. &#8220;N\u00e3o \u00e9 porque votamos em Dilma que devemos deixar o Governo jogado aos banqueiros e grandes empres\u00e1rios, se n\u00e3o formos \u00e0 luta conquistar nosso espa\u00e7o, esse governo ser\u00e1 derrotado&#8221;, finalizou Mariano.<\/p>\n[caption id=\"attachment_5603\" align=\"alignnone\" width=\"406\"]<a href=\"http:\/\/sintema.org.br\/sintema\/wp-content\/uploads\/2015\/01\/mesa.jpg\"><img loading=\"lazy\" class=\" wp-image-5603 \" alt=\"Mariano Azevedo e Samuel Martins conduziram os trabalhos da assembleia geral.\" src=\"http:\/\/sintema.org.br\/sintema\/wp-content\/uploads\/2015\/01\/mesa.jpg\" width=\"406\" height=\"271\" srcset=\"http:\/\/sintema.org.br\/sintema\/wp-content\/uploads\/2015\/01\/mesa.jpg 677w, http:\/\/sintema.org.br\/sintema\/wp-content\/uploads\/2015\/01\/mesa-300x199.jpg 300w\" sizes=\"(max-width: 406px) 100vw, 406px\" \/><\/a> Mariano Azevedo e Samuel Martins conduziram os trabalhos da assembleia geral.[\/caption]\n<p><span style=\"color: #000080;\"><strong>Participe da mobiliza\u00e7\u00e3o! <\/strong><\/span><\/p>\n<p><span style=\"color: #000080;\"><strong>O Ato acontece amanh\u00e3, dia 28 de janeiro, a partir das 7:30 horas, na frente da Superintend\u00eancia Regional do Trabalho e Emprego &#8211; SRTE, bairro cohab, pr\u00f3ximo ao supermercado Mateus!<\/strong><\/span><\/p>\n<p><a href=\"http:\/\/sintema.org.br\/sintema\/wp-content\/uploads\/2015\/01\/banner-jornada-nacional-de-lutas-2015.jpg\"><img loading=\"lazy\" class=\"alignnone  wp-image-5604\" alt=\"banner-jornada-nacional-de-lutas-2015\" src=\"http:\/\/sintema.org.br\/sintema\/wp-content\/uploads\/2015\/01\/banner-jornada-nacional-de-lutas-2015.jpg\" width=\"640\" height=\"184\" srcset=\"http:\/\/sintema.org.br\/sintema\/wp-content\/uploads\/2015\/01\/banner-jornada-nacional-de-lutas-2015.jpg 970w, http:\/\/sintema.org.br\/sintema\/wp-content\/uploads\/2015\/01\/banner-jornada-nacional-de-lutas-2015-300x86.jpg 300w\" sizes=\"(max-width: 640px) 100vw, 640px\" \/><\/a><\/p>\n<p>Confira a mat\u00e9ria da CTB que convoca os trabalhadores de todo pa\u00eds a se unirem:<\/p>\n<h2><a href=\"http:\/\/portalctb.org.br\/site\/noticias-editorias\/brasil\/24671-centrais-v%C3%A3o-ocupar-as-ruas-nesta-quarta-feira-cem-defesa-dos-direitos-da-classe-trabalhadora.html\"> Dia Nacional de Luta: Centrais v\u00e3o ocupar as ruas nesta quarta-feira<\/a><\/h2>\n<p><img loading=\"lazy\" alt=\"centrais73983\" src=\"http:\/\/portalctb.org.br\/site\/images\/stores\/estaduais\/centrais73983.jpg\" width=\"550\" height=\"387\" \/><\/p>\n<p><strong>Confira a agenda das mobiliza\u00e7\u00f5es abaixo do texto<\/strong><\/p>\n<p>Reunidos na \u00faltima segunda-feira (26), \u00a0representantes das centrais sindicais CTB, CUT, CSB, For\u00e7a Sindical, NCST e UGT definiram o trajeto do protesto desta quarta-feira (28) &#8211; Dia Nacional de Luta, quando ser\u00e3o realizados atos, mobiliza\u00e7\u00f5es e greves por todo o pa\u00eds em defesa de emprego e direitos trabalhistas. A principal reivindica\u00e7\u00e3o dos trabalhadores \u00e9 a revoga\u00e7\u00e3o das medidas que alteram a concess\u00e3o de benef\u00edcios previdenci\u00e1rios e trabalhistas, como seguro-desemprego e pens\u00e3o por morte. Mas os trabalhadores tamb\u00e9m pedem a mudan\u00e7a no rumo da economia.<\/p>\n<p>Em S\u00e3o Paulo, a concentra\u00e7\u00e3o do Dia Nacional de Luta ser\u00e1 no v\u00e3o do Museu de Arte de S\u00e3o Paulo (MASP), na Avenida Paulista, \u00e0s 10h, e passar\u00e1 pela Petrobr\u00e1s e pelo Minist\u00e9rio da Fazenda, onde ser\u00e3o entregues documentos das centrais com cr\u00edticas \u00e0s medidas de crescimento econ\u00f4mico adotadas pelo governo.<\/p>\n<p>Tamb\u00e9m est\u00e3o previstas manifesta\u00e7\u00f5es conjuntas, at\u00e9 o momento, em Curitiba (PR), Florian\u00f3polis(SC), Bel\u00e9m (PA), Salvador(BA), Manaus(AM), Belo Horizonte (MG), Porto Alegre (RS), S\u00e3o Paulo (SP), Fortaleza (CE) e Rio de Janeiro (RJ).<\/p>\n<p>Wagner Gomes, secret\u00e1rio-geral da CTB, lembrou que o ato de quarta-feira \u00e9 uma prepara\u00e7\u00e3o para a marcha prevista para 26 de fevereiro, em S\u00e3o Paulo. &#8220;A presidenta Dilma foi eleita com a plataforma e a pol\u00edtica referendada inclusive pelas centrais sindicais. N\u00e3o vamos aceitar calados medidas restritivas, que derrubam o cr\u00e9dito, o financiamento para pequenas e m\u00e9dias empresas. A consequ\u00eancia disso \u00e9 o desemprego. As centrais apoiaram a pol\u00edtica da presidenta, mas quem apoia tamb\u00e9m cobra, e \u00e9 o que vamos fazer&#8221;, afirmou.<\/p>\n<p>Gomes ressalta \u00e9 fundamental a mobiliza\u00e7\u00e3o da classe trabalhadora, nesse momento, pois s\u00f3 a unidade de a\u00e7\u00e3o dos trabalhadores ser\u00e1 capaz de impedir a retirada de direitos trabalhistas e previdenci\u00e1rios atrav\u00e9s das Medidas Provis\u00f3rias n\u00ba 664 (pens\u00e3o por morte e aux\u00edlio-doen\u00e7a) e 665 (seguro-desemprego, abono salarial e seguro-defeso), anunciadas no fim de 2014 pelo govenro federal.<\/p>\n<p>Onofre Gon\u00e7alves, presidente da CTB S\u00e3o Paulo revela ainda que a inten\u00e7\u00e3o \u00e9 entregar um documento aos representantes do Minist\u00e9rio da Fazenda e da Petrobras que tem, entre as reivindica\u00e7\u00f5es, a revoga\u00e7\u00e3o das MPs que retiram os direitos. \u201cQueremos a manuten\u00e7\u00e3o do di\u00e1logo com o governo. Para isto, as medidas devem ser retiradas ou revistas\u201d.<\/p>\n<p>As duas medidas provis\u00f3rias (664 e 665), que dificultam o acesso a benef\u00edcios trabalhistas e previdenci\u00e1rios, est\u00e3o sendo analisadas por grupos t\u00e9cnicos do governo e das centrais. A primeira reuni\u00e3o ocorreu na sexta-feira (23). Na ter\u00e7a (3), dirigentes das seis centrais envolvidas na negocia\u00e7\u00e3o (CTB, CSB, CUT, For\u00e7a, Nova Central e UGT) voltar\u00e3o a se reunir com os ministros Rossetto, Nelson Barbosa (Planejamento), Carlos Gabas (Previd\u00eancia Social) e Manoel Dias (Trabalho e Emprego). O encontro ser\u00e1 novamente realizado no escrit\u00f3rio da Presid\u00eancia da Rep\u00fablica em S\u00e3o Paulo.<\/p>\n<p><em><strong>Confira a agenda pelos estados:<\/strong><\/em><\/p>\n<p><strong>Alagoas<\/strong><\/p>\n<p>Concentra\u00e7\u00e3o \u00e0s 9h, em frente \u00e0 Superintend\u00eancia Regional do Trabalho e Emprego, no cal\u00e7ad\u00e3o do com\u00e9rcio, em Macei\u00f3<\/p>\n<p><strong>Amazonas<\/strong><\/p>\n<p>Concentra\u00e7\u00e3o em frente ao Centro de Conven\u00e7\u00f5es Vasco Wasques, Av. Constantino Nery, em Manaus<\/p>\n<p><strong>Bahia<\/strong><\/p>\n<p>Em Salvador, a manifesta\u00e7\u00e3o ser\u00e1 no Centro da cidade, com concentra\u00e7\u00e3o \u00e1s 8h, em frente ao Sindicato dos Banc\u00e1rios e caminhada at\u00e9 a Superintend\u00eancia Regional do Trabalho\u00a0 \u2013 SRTE, onde acontece um ato pol\u00edtico.<\/p>\n<p><strong>Cear\u00e1<\/strong><\/p>\n<p>Concentra\u00e7\u00e3o \u00e0s 8h, Na Secretaria Regional do Trabalho e Emprego, na Rua 24 de Maio, 78, centro de Fortaleza<\/p>\n<p><strong>Distrito Federal<\/strong><\/p>\n<p>Concentra\u00e7\u00e3o \u00e0s 14h, em frente ao Minist\u00e9rio da Fazenda, em Bras\u00edlia<\/p>\n<p><strong>Goi\u00e1s<\/strong><\/p>\n<p>Concentra\u00e7\u00e3o \u00e0s 8h, na Pra\u00e7a do Bandeirante, centro de Goi\u00e2nia<\/p>\n<p><strong>Maranh\u00e3o<\/strong><\/p>\n<p>Ato \u00e0s 8h, em Frente \u00e0 Delegacia Regional do Trabalho, centro de S\u00e3o Luiz<\/p>\n<p><strong>Mato Grosso<\/strong><\/p>\n<p>Ato \u00e0s 9h30, em frente ao INSS, na Avenida Get\u00falio Vargas, em Cuiab\u00e1<\/p>\n<p><strong>Mato Grosso do Sul<\/strong><\/p>\n<p>Ato em frente ao Minist\u00e9rio do Trabalho, na Rua 13 de Maio, a partir das 7h. Em seguida, os manifestantes seguem para ato em frente \u00e0 Caixa Econ\u00f4mica Federal, na mesma Rua, a partir das 9h<\/p>\n<p><strong>Minas Gerais<\/strong><\/p>\n<p>Os mineiros realizam um ato na Pra\u00e7a Sete, centro da capital, para dialogar com a popula\u00e7\u00e3o. Durante o ato, que come\u00e7ar\u00e1 \u00e0s 15 horas, as centrais sindicais distribuir\u00e3o nota conjunta alertando sobre os ataques aos benef\u00edcios como seguro-desemprego, aux\u00edlio pens\u00e3o e abono salarial, entre outros.<\/p>\n<p><strong>Par\u00e1<\/strong><\/p>\n<p>Concentra\u00e7\u00e3o \u00e0s 10h, na escadinha, no Boulevard Castilho Fran\u00e7a, em Bel\u00e9m<\/p>\n<p><strong>Para\u00edba<\/strong><\/p>\n<p>Haver\u00e1 panfletagem na CBTU e na Lagoa Parque S\u00f3lon de Lucena, em Jo\u00e3o Pessoa, durante todo o dia<\/p>\n<p><strong>Paran\u00e1<\/strong><\/p>\n<p>Concentra\u00e7\u00e3o \u00e0s 10h, na Pra\u00e7a Santos Andrade, no centro de Curitiba<\/p>\n<p><strong>Pernambuco<\/strong><\/p>\n<p>Concentra\u00e7\u00e3o \u00e0s 8h, em frente \u00e0 Superintend\u00eancia Regional do Trabalho (SRT), na Avenida Governador Agamenon Magalh\u00e3es, no bairro do Espinheiro, em Recife<\/p>\n<p><strong>Piau\u00ed<\/strong><\/p>\n<p>Panfletagem a partir das 7h na Pra\u00e7a Jo\u00e3o Luis Ferreira, no centro de Teresina<\/p>\n<p><strong>Rio Grande do Norte<\/strong><\/p>\n<p>O ato acontecer\u00e1 no cal\u00e7ad\u00e3o da Rua Jo\u00e3o Pessoa com a Princesa Isabel, \u00e0s 16h.<\/p>\n<p><strong>Rio de Janeiro<\/strong><\/p>\n<p>Concentra\u00e7\u00e3o \u00e0s 14h, na Central do Brasil, na capital<\/p>\n<p><strong>Rio Grande do Sul<\/strong><\/p>\n<p>Haver\u00e1 vig\u00edlia em frente da Superintend\u00eancia Regional do Trabalho e Emprego, localizada na Av. Mau\u00e1, n\u00ba 1013, centro de Porto Alegre, a partir das 10h<\/p>\n<p><strong>S\u00e3o Paulo<\/strong><\/p>\n<p>Concentra\u00e7\u00e3o \u00e0s 10h, no v\u00e3o do Museu de Arte de S\u00e3o Paulo (MASP), na Avenida Paulista. A manifesta\u00e7\u00e3o passar\u00e1 pela Petrobr\u00e1s e pelo Minist\u00e9rio da Fazenda<\/p>\n<p><strong>Sergipe<\/strong><\/p>\n<p>Ato \u00e0s 8h, no Cal\u00e7ad\u00e3o da Rua Jo\u00e3o Pessoa, em Aracaju<\/p>\n<p><strong>Portal CTB<\/strong><\/p>\n","protected":false},"excerpt":{"rendered":"<p>Em assembleia geral da categoria realizada nesta ter\u00e7a-feira (27), no audit\u00f3rio central da UFMA, os trabalhadores t\u00e9cnico-administrativos em educa\u00e7\u00e3o da Universidade Federal do Maranh\u00e3o foram convocados a participar da 1\u00aa grande mobiliza\u00e7\u00e3o de 2015 convocada pelas Centrais Sindicais em defesa dos direitos trabalhistas. Mariano Azevedo e Samuel Martins, diretores do Sintema, conduziram os trabalhos da [&hellip;]<\/p>\n","protected":false},"author":2,"featured_media":0,"comment_status":"open","ping_status":"open","sticky":false,"template":"","format":"standard","meta":[],"categories":[12,5],"tags":[],"_links":{"self":[{"href":"http:\/\/sintema.org.br\/sintema\/wp-json\/wp\/v2\/posts\/5597"}],"collection":[{"href":"http:\/\/sintema.org.br\/sintema\/wp-json\/wp\/v2\/posts"}],"about":[{"href":"http:\/\/sintema.org.br\/sintema\/wp-json\/wp\/v2\/types\/post"}],"author":[{"embeddable":true,"href":"http:\/\/sintema.org.br\/sintema\/wp-json\/wp\/v2\/users\/2"}],"replies":[{"embeddable":true,"href":"http:\/\/sintema.org.br\/sintema\/wp-json\/wp\/v2\/comments?post=5597"}],"version-history":[{"count":2,"href":"http:\/\/sintema.org.br\/sintema\/wp-json\/wp\/v2\/posts\/5597\/revisions"}],"predecessor-version":[{"id":5605,"href":"http:\/\/sintema.org.br\/sintema\/wp-json\/wp\/v2\/posts\/5597\/revisions\/5605"}],"wp:attachment":[{"href":"http:\/\/sintema.org.br\/sintema\/wp-json\/wp\/v2\/media?parent=5597"}],"wp:term":[{"taxonomy":"category","embeddable":true,"href":"http:\/\/sintema.org.br\/sintema\/wp-json\/wp\/v2\/categories?post=5597"},{"taxonomy":"post_tag","embeddable":true,"href":"http:\/\/sintema.org.br\/sintema\/wp-json\/wp\/v2\/tags?post=5597"}],"curies":[{"name":"wp","href":"https:\/\/api.w.org\/{rel}","templated":true}]}}