{"id":5606,"date":"2015-01-28T16:25:22","date_gmt":"2015-01-28T16:25:22","guid":{"rendered":"http:\/\/sintema.org.br\/sintema\/?p=5606"},"modified":"2015-01-28T16:29:34","modified_gmt":"2015-01-28T16:29:34","slug":"sintema-presente-no-dia-nacional-de-lutas","status":"publish","type":"post","link":"http:\/\/sintema.org.br\/sintema\/sintema-presente-no-dia-nacional-de-lutas\/","title":{"rendered":"SINTEMA presente no Dia Nacional de Lutas"},"content":{"rendered":"[caption id=\"attachment_5609\" align=\"alignnone\" width=\"406\"]<a href=\"http:\/\/sintema.org.br\/sintema\/wp-content\/uploads\/2015\/01\/sintema.jpg\"><img loading=\"lazy\" class=\" wp-image-5609\" alt=\"sintema\" src=\"http:\/\/sintema.org.br\/sintema\/wp-content\/uploads\/2015\/01\/sintema.jpg\" width=\"406\" height=\"271\" srcset=\"http:\/\/sintema.org.br\/sintema\/wp-content\/uploads\/2015\/01\/sintema.jpg 677w, http:\/\/sintema.org.br\/sintema\/wp-content\/uploads\/2015\/01\/sintema-300x199.jpg 300w\" sizes=\"(max-width: 406px) 100vw, 406px\" \/><\/a> Diretores do Sintema e trabalhadores da base na luta.[\/caption]\n<p>Membros da Dire\u00e7\u00e3o do Sintema e trabalhadores da base dos t\u00e9cnico-administrativos em educa\u00e7\u00e3o da UFMA estiveram presentes no Ato realizado pelas Centrais Sindicais (CTB, CUT, CSB, UGT, For\u00e7a Sindical e NCST) realizado nesta manh\u00e3 de quarta-feira (28) na Superintend\u00eancia Regional do Trabalho e Emprego &#8211; SRTE, bairro cohab, em S\u00e3o Lu\u00eds.<\/p>\n[caption id=\"attachment_5610\" align=\"alignnone\" width=\"406\"]<a href=\"http:\/\/sintema.org.br\/sintema\/wp-content\/uploads\/2015\/01\/auditoresdotrabalho.jpg\"><img loading=\"lazy\" class=\" wp-image-5610 \" alt=\"Auditores Fiscais do Trabalho relataram a atua\u00e7\u00e3o dos trabalhos realizados na SRTE.\" src=\"http:\/\/sintema.org.br\/sintema\/wp-content\/uploads\/2015\/01\/auditoresdotrabalho.jpg\" width=\"406\" height=\"271\" srcset=\"http:\/\/sintema.org.br\/sintema\/wp-content\/uploads\/2015\/01\/auditoresdotrabalho.jpg 677w, http:\/\/sintema.org.br\/sintema\/wp-content\/uploads\/2015\/01\/auditoresdotrabalho-300x199.jpg 300w\" sizes=\"(max-width: 406px) 100vw, 406px\" \/><\/a> Auditores Fiscais do Trabalho falaram sobre as opera\u00e7\u00f5es realizadas contra o trabalho escravo no Maranh\u00e3o.[\/caption]\n<p>A mobiliza\u00e7\u00e3o aconteceu em dois blocos, o primeiro ocorreu no audit\u00f3rio da SRTE com a participa\u00e7\u00e3o dos auditores fiscais do trabalho, que s\u00e3o servidores p\u00fablicos ligados diretamente ao Minist\u00e9rio do Trabalho &#8211; MTE, e desempenham a fun\u00e7\u00e3o de fiscalizar as condi\u00e7\u00f5es de trabalho impostas \u00e0 trabalhadores em todo o pa\u00eds. Os auditores do trabalho realizam importante trabalho na parte de libertar trabalhadores que s\u00e3o submetidos \u00e0 condi\u00e7\u00f5es an\u00e1logas a de escravos.<\/p>\n[caption id=\"attachment_5611\" align=\"alignnone\" width=\"406\"]<a href=\"http:\/\/sintema.org.br\/sintema\/wp-content\/uploads\/2015\/01\/publico1.jpg\"><img loading=\"lazy\" class=\" wp-image-5611 \" alt=\"Lideran\u00e7as Sindicais marcaram grande presen\u00e7a no evento.\" src=\"http:\/\/sintema.org.br\/sintema\/wp-content\/uploads\/2015\/01\/publico1.jpg\" width=\"406\" height=\"271\" srcset=\"http:\/\/sintema.org.br\/sintema\/wp-content\/uploads\/2015\/01\/publico1.jpg 677w, http:\/\/sintema.org.br\/sintema\/wp-content\/uploads\/2015\/01\/publico1-300x199.jpg 300w\" sizes=\"(max-width: 406px) 100vw, 406px\" \/><\/a> Lideran\u00e7as Sindicais marcaram grande presen\u00e7a no evento.[\/caption]\n[caption id=\"attachment_5612\" align=\"alignnone\" width=\"406\"]<a href=\"http:\/\/sintema.org.br\/sintema\/wp-content\/uploads\/2015\/01\/procuradoradotrabalho.jpg\"><img loading=\"lazy\" class=\" wp-image-5612 \" alt=\"Anya Gadelha Di\u00f3genes, procuradora chefe do Minist\u00e9rio P\u00fablico do Trabalho - MPT, tamb\u00e9m participou do evento.\" src=\"http:\/\/sintema.org.br\/sintema\/wp-content\/uploads\/2015\/01\/procuradoradotrabalho.jpg\" width=\"406\" height=\"271\" srcset=\"http:\/\/sintema.org.br\/sintema\/wp-content\/uploads\/2015\/01\/procuradoradotrabalho.jpg 677w, http:\/\/sintema.org.br\/sintema\/wp-content\/uploads\/2015\/01\/procuradoradotrabalho-300x199.jpg 300w\" sizes=\"(max-width: 406px) 100vw, 406px\" \/><\/a> Anya Gadelha Di\u00f3genes, procuradora chefe do Minist\u00e9rio P\u00fablico do Trabalho &#8211; MPT, tamb\u00e9m participou do evento.[\/caption]\n<p>Tamb\u00e9m participou do evento a <em>procuradora<\/em>-chefe do Minist\u00e9rio P\u00fablico do Trabalho no Maranh\u00e3o, Anya <em>Gadelha<\/em> Di\u00f3genes, oportunidade em que ressaltou o trabalho da procuradoria, a parceria realizada com os auditores fiscais do trabalho, al\u00e9m de alertar sobre projetos de lei prejudiciais ao trabalhadores que tramitam no Congresso Nacional. Anya Di\u00f3genes finalizou ressaltando a import\u00e2ncia da divulga\u00e7\u00e3o da &#8220;lista suja&#8221; do trabalho escravo no Brasil, divulga\u00e7\u00e3o que recentemente fora proibida por decis\u00e3o monocr\u00e1tica determinada pelo presidente do STF, Ricardo Lewandowiski, por pedido da Associa\u00e7\u00e3o das Incorporadoras Imobili\u00e1rias. <a title=\"Lista Suja\" href=\"http:\/\/congressoemfoco.uol.com.br\/noticias\/proibir-lista-suja-enfraquece-combate-ao-trabalho-escravo-dizem-entidades\/\" target=\"_blank\">Saiba mais, clique aqui!<\/a><\/p>\n[caption id=\"attachment_5613\" align=\"alignnone\" width=\"406\"]<a href=\"http:\/\/sintema.org.br\/sintema\/wp-content\/uploads\/2015\/01\/musicos.jpg\"><img loading=\"lazy\" class=\" wp-image-5613 \" alt=\"No intervalo, m\u00fasicos animaram o ambiente com m\u00fasicas utilizadas em mobiliza\u00e7\u00f5es trabalhistas e consagradas pelo movimento sindical.\" src=\"http:\/\/sintema.org.br\/sintema\/wp-content\/uploads\/2015\/01\/musicos.jpg\" width=\"406\" height=\"271\" srcset=\"http:\/\/sintema.org.br\/sintema\/wp-content\/uploads\/2015\/01\/musicos.jpg 677w, http:\/\/sintema.org.br\/sintema\/wp-content\/uploads\/2015\/01\/musicos-300x199.jpg 300w\" sizes=\"(max-width: 406px) 100vw, 406px\" \/><\/a> No intervalo, m\u00fasicos animaram o ambiente com m\u00fasicas utilizadas em mobiliza\u00e7\u00f5es trabalhistas e consagradas pelo movimento sindical.[\/caption]\n<p>Em seguida, os trabalhadores realizaram um ato pol\u00edtico \u00e0s margens da avenida jer\u00f4nimo de albuquerque, ao lado da SRTE, onde denunciaram o chamado <strong>&#8220;Pacote DILMAldade&#8221;<\/strong> de medidas contra os trabalhadores. Para os sindicalistas as medidas anunciadas logo no in\u00edcio do governo Dilma, contrariam o discurso da presidenta durante a campanha eleitoral, onde a mesma proferiu a seguinte frase: <strong>&#8220;N\u00e3o vamos mexer nos direitos trabalhistas, nem que a vaca tussa&#8221;<\/strong><\/p>\n<p>Dentre as altera\u00e7\u00f5es impostas pelo governo est\u00e3o a mudan\u00e7a na concess\u00e3o de benef\u00edcios como o abono salarial, seguro desemprego, aux\u00edlio doen\u00e7a e pens\u00e3o por morte. Al\u00e9m das Medidas Provis\u00f3rias 664 e 665 que visam promover o ajuste fiscal e aumentar o super\u00e1vit prim\u00e1rio, que \u00e9 a economia que o governo federal realiza para pagar os juros da d\u00edvida p\u00fablica, deixando assim de investir em setores essenciais como educa\u00e7\u00e3o, sa\u00fade e seguran\u00e7a p\u00fablica.<\/p>\n<p>Para Mariano Azevedo, presidente do SINTEMA, os trabalhadores das universidades p\u00fablicas de todo pa\u00eds precisam se engajar e reagir neste exato momento, visto que as medidas de corte e retirada de direitos logo logo chegar\u00e3o tamb\u00e9m \u00e0s universidades.<\/p>\n<p>&nbsp;<\/p>\n<p><strong><em>Fonte: Imprensa Sintema.<\/em><\/strong><\/p>\n<p><strong><em>Texto &amp; Fotos: M\u00e1rcio Rodrigo.<\/em><\/strong><\/p>\n<p>&nbsp;<\/p>\n<p>&nbsp;<\/p>\n","protected":false},"excerpt":{"rendered":"<p>Membros da Dire\u00e7\u00e3o do Sintema e trabalhadores da base dos t\u00e9cnico-administrativos em educa\u00e7\u00e3o da UFMA estiveram presentes no Ato realizado pelas Centrais Sindicais (CTB, CUT, CSB, UGT, For\u00e7a Sindical e NCST) realizado nesta manh\u00e3 de quarta-feira (28) na Superintend\u00eancia Regional do Trabalho e Emprego &#8211; SRTE, bairro cohab, em S\u00e3o Lu\u00eds. A mobiliza\u00e7\u00e3o aconteceu em [&hellip;]<\/p>\n","protected":false},"author":2,"featured_media":0,"comment_status":"open","ping_status":"open","sticky":false,"template":"","format":"standard","meta":[],"categories":[12,5],"tags":[],"_links":{"self":[{"href":"http:\/\/sintema.org.br\/sintema\/wp-json\/wp\/v2\/posts\/5606"}],"collection":[{"href":"http:\/\/sintema.org.br\/sintema\/wp-json\/wp\/v2\/posts"}],"about":[{"href":"http:\/\/sintema.org.br\/sintema\/wp-json\/wp\/v2\/types\/post"}],"author":[{"embeddable":true,"href":"http:\/\/sintema.org.br\/sintema\/wp-json\/wp\/v2\/users\/2"}],"replies":[{"embeddable":true,"href":"http:\/\/sintema.org.br\/sintema\/wp-json\/wp\/v2\/comments?post=5606"}],"version-history":[{"count":6,"href":"http:\/\/sintema.org.br\/sintema\/wp-json\/wp\/v2\/posts\/5606\/revisions"}],"predecessor-version":[{"id":5615,"href":"http:\/\/sintema.org.br\/sintema\/wp-json\/wp\/v2\/posts\/5606\/revisions\/5615"}],"wp:attachment":[{"href":"http:\/\/sintema.org.br\/sintema\/wp-json\/wp\/v2\/media?parent=5606"}],"wp:term":[{"taxonomy":"category","embeddable":true,"href":"http:\/\/sintema.org.br\/sintema\/wp-json\/wp\/v2\/categories?post=5606"},{"taxonomy":"post_tag","embeddable":true,"href":"http:\/\/sintema.org.br\/sintema\/wp-json\/wp\/v2\/tags?post=5606"}],"curies":[{"name":"wp","href":"https:\/\/api.w.org\/{rel}","templated":true}]}}